{"id":1126,"date":"2022-05-13T16:40:31","date_gmt":"2022-05-13T19:40:31","guid":{"rendered":"https:\/\/beritpress.com.br\/?p=1126"},"modified":"2022-05-13T16:41:31","modified_gmt":"2022-05-13T19:41:31","slug":"centro-de-imagem-dr-leonel-ferreira-precursor-de-novos-tempos","status":"publish","type":"post","link":"https:\/\/beritpress.com.br\/index.php\/2022\/05\/13\/centro-de-imagem-dr-leonel-ferreira-precursor-de-novos-tempos\/","title":{"rendered":"Centro de imagem Dr. Leonel Ferreira, precursor de novos tempos"},"content":{"rendered":"\n<figure class=\"wp-block-gallery columns-1 is-cropped wp-block-gallery-1 is-layout-flex wp-block-gallery-is-layout-flex\"><ul class=\"blocks-gallery-grid\"><li class=\"blocks-gallery-item\"><figure><img fetchpriority=\"high\" decoding=\"async\" width=\"1024\" height=\"663\" src=\"https:\/\/beritpress.com.br\/wp-content\/uploads\/2022\/05\/DSC_7364-1-1024x663.jpg\" alt=\"\" data-id=\"1132\" data-full-url=\"https:\/\/beritpress.com.br\/wp-content\/uploads\/2022\/05\/DSC_7364-1-scaled.jpg\" data-link=\"https:\/\/beritpress.com.br\/index.php\/2022\/05\/13\/centro-de-imagem-dr-leonel-ferreira-precursor-de-novos-tempos\/dsc_7364-1\/\" class=\"wp-image-1132\" srcset=\"https:\/\/beritpress.com.br\/wp-content\/uploads\/2022\/05\/DSC_7364-1-1024x663.jpg 1024w, https:\/\/beritpress.com.br\/wp-content\/uploads\/2022\/05\/DSC_7364-1-300x194.jpg 300w, https:\/\/beritpress.com.br\/wp-content\/uploads\/2022\/05\/DSC_7364-1-768x497.jpg 768w, https:\/\/beritpress.com.br\/wp-content\/uploads\/2022\/05\/DSC_7364-1-1536x995.jpg 1536w, https:\/\/beritpress.com.br\/wp-content\/uploads\/2022\/05\/DSC_7364-1-2048x1327.jpg 2048w, https:\/\/beritpress.com.br\/wp-content\/uploads\/2022\/05\/DSC_7364-1-1568x1016.jpg 1568w\" sizes=\"(max-width: 1024px) 100vw, 1024px\" \/><\/figure><\/li><\/ul><\/figure>\n\n\n\n<p>O Centro de Imagem Dr. Leonel Ferreira \u00e9 muito inspirador, um incans\u00e1vel precursor de novos tempos. Basta lembrar que h\u00e1 quase tr\u00eas d\u00e9cadas em Cascavel, inaugurado em 1994, o Centro de Imagem Dr. Leonel Ferreira atende a Cascavel e regi\u00e3o abrangendo mais de 30 munic\u00edpios atendendo em m\u00e9dia 30 mil pacientes por ano, sempre mantendo o padr\u00e3o de qualidade em seus exames. Caminhando junto com as maiores inova\u00e7\u00f5es tecnol\u00f3gicas foi o precursor do primeiro equipamento de Raio X digital da regi\u00e3o, inovou ao entregar laudos na hora e agora, para a nova era digital traz um sistema inovador oferecendo laudos e imagens com a mesma qualidade e agilidade de forma totalmente digital, para acesso via internet seja no computador ou celular, contribuindo assim n\u00e3o s\u00f3 com a agilidade e seguran\u00e7a para os pacientes como tamb\u00e9m ajudando ecologicamente o meio ambiente, eliminando o uso de papel que s\u00f3 provoca a destrui\u00e7\u00e3o das florestas e detritos para o meio ambiente. No Centro de Imagem Dr. Leonel Ferreira a inova\u00e7\u00e3o e qualidade caminham juntos.<\/p>\n\n\n\n<div class=\"wp-block-media-text alignwide is-stacked-on-mobile\"><figure class=\"wp-block-media-text__media\"><img decoding=\"async\" width=\"680\" height=\"1024\" src=\"http:\/\/beritpress.com.br\/wp-content\/uploads\/2022\/05\/DSC_7413-680x1024.jpg\" alt=\"\" class=\"wp-image-1122 size-full\" srcset=\"https:\/\/beritpress.com.br\/wp-content\/uploads\/2022\/05\/DSC_7413-680x1024.jpg 680w, https:\/\/beritpress.com.br\/wp-content\/uploads\/2022\/05\/DSC_7413-199x300.jpg 199w, https:\/\/beritpress.com.br\/wp-content\/uploads\/2022\/05\/DSC_7413-768x1156.jpg 768w, https:\/\/beritpress.com.br\/wp-content\/uploads\/2022\/05\/DSC_7413-1020x1536.jpg 1020w, https:\/\/beritpress.com.br\/wp-content\/uploads\/2022\/05\/DSC_7413-1360x2048.jpg 1360w, https:\/\/beritpress.com.br\/wp-content\/uploads\/2022\/05\/DSC_7413-1568x2361.jpg 1568w, https:\/\/beritpress.com.br\/wp-content\/uploads\/2022\/05\/DSC_7413-scaled.jpg 1700w\" sizes=\"(max-width: 680px) 100vw, 680px\" \/><\/figure><div class=\"wp-block-media-text__content\">\n<p><strong>Dr. Leonel Ferreira &#8211; CRM 11.741<\/strong><\/p>\n\n\n\n<ul class=\"wp-block-list\"><li>Formado em Medicina pela Universidade de Taubat\u00e9 (UNITAU);<\/li><\/ul>\n\n\n\n<ul class=\"wp-block-list\"><li>M\u00e9dico Radiologista com resid\u00eancia no Hospital do Servidor P\u00fablico Estadual de S\u00e3o Paulo (IAMSPE);<\/li><li>Membro Titular do Col\u00e9gio Brasileiro de Radiologia;<\/li><li>Mestre em Engenharia Biom\u00e9dica pela Universidade Tecnol\u00f3gica Federal do Paran\u00e1 (UTFPR) \u2013 CEFET \u2013 Curitiba;<\/li><li>Professor Assistente do Curso de Medicina e Resid\u00eancia M\u00e9dica da UNIOESTE \u2013 PR.<\/li><\/ul>\n<\/div><\/div>\n\n\n\n<div class=\"wp-block-media-text alignwide has-media-on-the-right is-stacked-on-mobile\"><figure class=\"wp-block-media-text__media\"><img decoding=\"async\" width=\"1024\" height=\"671\" src=\"http:\/\/beritpress.com.br\/wp-content\/uploads\/2022\/05\/DSC_7436-1024x671.jpg\" alt=\"\" class=\"wp-image-1124 size-full\" srcset=\"https:\/\/beritpress.com.br\/wp-content\/uploads\/2022\/05\/DSC_7436-1024x671.jpg 1024w, https:\/\/beritpress.com.br\/wp-content\/uploads\/2022\/05\/DSC_7436-300x196.jpg 300w, https:\/\/beritpress.com.br\/wp-content\/uploads\/2022\/05\/DSC_7436-768x503.jpg 768w, https:\/\/beritpress.com.br\/wp-content\/uploads\/2022\/05\/DSC_7436-1536x1006.jpg 1536w, https:\/\/beritpress.com.br\/wp-content\/uploads\/2022\/05\/DSC_7436-2048x1341.jpg 2048w, https:\/\/beritpress.com.br\/wp-content\/uploads\/2022\/05\/DSC_7436-1568x1027.jpg 1568w\" sizes=\"(max-width: 1024px) 100vw, 1024px\" \/><\/figure><div class=\"wp-block-media-text__content\">\n<p><strong>Dr. Thiago Andre Adame &#8211; CRM 24.332<\/strong><\/p>\n\n\n\n<ul class=\"wp-block-list\"><li>Formado em Medicina pela Universidade Federal do Paran\u00e1 (UFPR)<\/li><li>M\u00e9dico Radiologista com resid\u00eancia no Hospital Universit\u00e1rio Evang\u00e9lico de Curitiba (HUEC) \u2013 Mackenzie<\/li><\/ul>\n<\/div><\/div>\n\n\n\n<p><strong>Equipe<\/strong><strong><\/strong><\/p>\n\n\n\n<p>A equipe do Dr. Leonel \u00e9 multidisciplinar e altamente capacitada para atender as mais diversas situa\u00e7\u00f5es, passa por constante treinamento e aprendizado e trabalha para que todos que nos escolheram se sintam acolhidos e bem vindos.<\/p>\n\n\n\n<figure class=\"wp-block-gallery columns-1 is-cropped wp-block-gallery-2 is-layout-flex wp-block-gallery-is-layout-flex\"><ul class=\"blocks-gallery-grid\"><li class=\"blocks-gallery-item\"><figure><img loading=\"lazy\" decoding=\"async\" width=\"600\" height=\"500\" src=\"https:\/\/beritpress.com.br\/wp-content\/uploads\/2022\/05\/Composit-Dr.-Leonel.jpg\" alt=\"\" data-id=\"1128\" data-full-url=\"https:\/\/beritpress.com.br\/wp-content\/uploads\/2022\/05\/Composit-Dr.-Leonel.jpg\" data-link=\"https:\/\/beritpress.com.br\/?attachment_id=1128\" class=\"wp-image-1128\" srcset=\"https:\/\/beritpress.com.br\/wp-content\/uploads\/2022\/05\/Composit-Dr.-Leonel.jpg 600w, https:\/\/beritpress.com.br\/wp-content\/uploads\/2022\/05\/Composit-Dr.-Leonel-300x250.jpg 300w\" sizes=\"(max-width: 600px) 100vw, 600px\" \/><figcaption class=\"blocks-gallery-item__caption\">Foto: Cesar Pilatti.<\/figcaption><\/figure><\/li><\/ul><\/figure>\n\n\n\n<p><strong>Exames<\/strong><strong><\/strong><\/p>\n\n\n\n<p>No Centro de Imagens Dr. Leonel ferreira s\u00e3o oferecidos exames em diversas especialidades:<\/p>\n\n\n\n<p><strong>Raios X<\/strong><strong><\/strong><\/p>\n\n\n\n<p>Poucas descobertas podem na hist\u00f3ria da ci\u00eancia se diferenciar com t\u00e3o grandes repercuss\u00f5es na evolu\u00e7\u00e3o dos conhecimentos cient\u00edficos e com tamanha contribui\u00e7\u00e3o para o bem-estar da humanidade, como a descoberta dos Raios X pelo f\u00edsico alem\u00e3o Wilhelm R\u00f6ntgen, em novembro de 1895.<\/p>\n\n\n\n<p>Particularmente, na hist\u00f3ria da Medicina, representa um marco duradouro que deixa para tr\u00e1s per\u00edodos de d\u00favida no campo do diagn\u00f3stico, abrindo caminho para novos m\u00e9todos diagn\u00f3sticos e consolidando a radiologia como uma das especialidades m\u00e9dicas com maior evolu\u00e7\u00e3o.<\/p>\n\n\n\n<p><strong>Ultrassonografia<\/strong><strong><\/strong><\/p>\n\n\n\n<p>E os avan\u00e7os n\u00e3o param. Assim como os dispositivos de comunica\u00e7\u00e3o pessoal est\u00e3o em constante evolu\u00e7\u00e3o, as tecnologias de ultrassom tamb\u00e9m est\u00e3o. Uma variedade de dispositivos port\u00e1teis compactos chegou ao mercado nos \u00faltimos anos, garantindo mais qualidade de imagens em tempo real.<\/p>\n\n\n\n<p>O Centro de Imagem Dr. Leonel Ferreira conta com dois dos mais modernos e avan\u00e7ados equipamentos de ultrassom que se tornam ainda mais poderosos quando aliados \u00e0 expertise dos nossos m\u00e9dicos.<\/p>\n\n\n\n<p><strong>Tomografia<\/strong><strong><\/strong><\/p>\n\n\n\n<p>Apresentada em 1971, a tomografia computadorizada \u00e9 considerada uma das mais importantes inven\u00e7\u00f5es para auxiliar a medicina no diagn\u00f3stico de doen\u00e7as desde a descoberta do Raios X, em 1895. A tecnologia permitiu aos m\u00e9dicos observar pela primeira vez tecidos do c\u00e9rebro (e posteriormente de outras partes do corpo) sem necessidade de cirurgia.<\/p>\n\n\n\n<p>O primeiro tom\u00f3grafo foi desenvolvido pelo matem\u00e1tico e f\u00edsico ingl\u00eas Godfrey Hounsfield, que trabalhava na EMI. Na mesma \u00e9poca, o americano Allan Cormack, da Tufts University, em Massachusetts, produziu tecnologia similar. Ambos receberam em 1979 o Pr\u00eamio Nobel de Medicina pela descoberta.<\/p>\n\n\n\n<p><strong>Mamografia<\/strong><strong><\/strong><\/p>\n\n\n\n<p>A mamografia \u00e9 uma t\u00e9cnica radiogr\u00e1fica que faz uso de um tubo de Raios X, com caracter\u00edsticas espec\u00edficas e que est\u00e1 acoplado a um arco m\u00f3vel. O sistema mamogr\u00e1fico possui ainda uma bandeja de compress\u00e3o cuja finalidade \u00e9 homogeneizar a espessura da mama e mantendo-a im\u00f3vel ao mesmo tempo.<\/p>\n\n\n\n<p>O filme de mamografia deve ser especial e de alto contraste para que possa compensar o baixo contraste do tecido mam\u00e1rio. A t\u00e9cnica radiogr\u00e1fica empregada \u00e9 de baixa quilovoltagem e alta miliamperagem.<\/p>\n\n\n\n<p>Al\u00e9m de trazer sempre o que h\u00e1 de mais moderno na medicina, para estar de vez no digital o Centro de Imagem Dr. Leonel est\u00e1 com um site moderno com todos os resultados sendo disponibilizado de maneira on-line.<\/p>\n\n\n\n<figure class=\"wp-block-gallery columns-1 is-cropped wp-block-gallery-3 is-layout-flex wp-block-gallery-is-layout-flex\"><ul class=\"blocks-gallery-grid\"><li class=\"blocks-gallery-item\"><figure><img loading=\"lazy\" decoding=\"async\" width=\"600\" height=\"500\" src=\"https:\/\/beritpress.com.br\/wp-content\/uploads\/2022\/05\/page.jpg\" alt=\"\" data-id=\"1129\" data-full-url=\"https:\/\/beritpress.com.br\/wp-content\/uploads\/2022\/05\/page.jpg\" data-link=\"https:\/\/beritpress.com.br\/?attachment_id=1129\" class=\"wp-image-1129\" srcset=\"https:\/\/beritpress.com.br\/wp-content\/uploads\/2022\/05\/page.jpg 600w, https:\/\/beritpress.com.br\/wp-content\/uploads\/2022\/05\/page-300x250.jpg 300w\" sizes=\"(max-width: 600px) 100vw, 600px\" \/><figcaption class=\"blocks-gallery-item__caption\">Foto: Cesar Pilatti.<\/figcaption><\/figure><\/li><\/ul><\/figure>\n","protected":false},"excerpt":{"rendered":"<p>O Centro de Imagem Dr. Leonel Ferreira \u00e9 muito inspirador, um incans\u00e1vel precursor de novos tempos. Basta lembrar que h\u00e1 quase tr\u00eas d\u00e9cadas em Cascavel, inaugurado em 1994, o Centro de Imagem Dr. Leonel Ferreira atende a Cascavel e regi\u00e3o abrangendo mais de 30 munic\u00edpios atendendo em m\u00e9dia 30 mil pacientes por ano, sempre mantendo &hellip; <\/p>\n<p class=\"link-more\"><a href=\"https:\/\/beritpress.com.br\/index.php\/2022\/05\/13\/centro-de-imagem-dr-leonel-ferreira-precursor-de-novos-tempos\/\" class=\"more-link\">Continue lendo<span class=\"screen-reader-text\"> &#8220;Centro de imagem Dr. Leonel Ferreira, precursor de novos tempos&#8221;<\/span><\/a><\/p>\n","protected":false},"author":3,"featured_media":1127,"comment_status":"open","ping_status":"open","sticky":false,"template":"","format":"standard","meta":{"footnotes":""},"categories":[8],"tags":[92,93],"class_list":["post-1126","post","type-post","status-publish","format-standard","has-post-thumbnail","hentry","category-empreendedorismo","tag-imagem","tag-leonel-ferreira","entry"],"yoast_head":"<!-- This site is optimized with the Yoast SEO plugin v27.5 - https:\/\/yoast.com\/product\/yoast-seo-wordpress\/ -->\n<title>Centro de imagem Dr. Leonel Ferreira, precursor de novos tempos - Berit Press<\/title>\n<meta name=\"robots\" content=\"index, follow, max-snippet:-1, max-image-preview:large, max-video-preview:-1\" \/>\n<link rel=\"canonical\" href=\"https:\/\/beritpress.com.br\/index.php\/2022\/05\/13\/centro-de-imagem-dr-leonel-ferreira-precursor-de-novos-tempos\/\" \/>\n<meta property=\"og:locale\" content=\"pt_BR\" \/>\n<meta property=\"og:type\" content=\"article\" \/>\n<meta property=\"og:title\" content=\"Centro de imagem Dr. Leonel Ferreira, precursor de novos tempos - Berit Press\" \/>\n<meta property=\"og:description\" content=\"O Centro de Imagem Dr. Leonel Ferreira \u00e9 muito inspirador, um incans\u00e1vel precursor de novos tempos. Basta lembrar que h\u00e1 quase tr\u00eas d\u00e9cadas em Cascavel, inaugurado em 1994, o Centro de Imagem Dr. Leonel Ferreira atende a Cascavel e regi\u00e3o abrangendo mais de 30 munic\u00edpios atendendo em m\u00e9dia 30 mil pacientes por ano, sempre mantendo &hellip; Continue lendo &quot;Centro de imagem Dr. Leonel Ferreira, precursor de novos tempos&quot;\" \/>\n<meta property=\"og:url\" content=\"https:\/\/beritpress.com.br\/index.php\/2022\/05\/13\/centro-de-imagem-dr-leonel-ferreira-precursor-de-novos-tempos\/\" \/>\n<meta property=\"og:site_name\" content=\"Berit Press\" \/>\n<meta property=\"article:publisher\" content=\"https:\/\/www.facebook.com\/beritpress\" \/>\n<meta property=\"article:published_time\" content=\"2022-05-13T19:40:31+00:00\" \/>\n<meta property=\"article:modified_time\" content=\"2022-05-13T19:41:31+00:00\" \/>\n<meta property=\"og:image\" content=\"https:\/\/beritpress.com.br\/wp-content\/uploads\/2022\/05\/CAPA-DSC_7320-1-scaled.jpg\" \/>\n\t<meta property=\"og:image:width\" content=\"2560\" \/>\n\t<meta property=\"og:image:height\" content=\"1700\" \/>\n\t<meta property=\"og:image:type\" content=\"image\/jpeg\" \/>\n<meta name=\"author\" content=\"Danielly de Cassia Silva Mantovani\" \/>\n<meta name=\"twitter:card\" content=\"summary_large_image\" \/>\n<meta name=\"twitter:creator\" content=\"@beritpress\" \/>\n<meta name=\"twitter:site\" content=\"@beritpress\" \/>\n<meta name=\"twitter:label1\" content=\"Escrito por\" \/>\n\t<meta name=\"twitter:data1\" content=\"Danielly de Cassia Silva Mantovani\" \/>\n\t<meta name=\"twitter:label2\" content=\"Est. tempo de leitura\" \/>\n\t<meta name=\"twitter:data2\" content=\"5 minutos\" \/>\n<script type=\"application\/ld+json\" class=\"yoast-schema-graph\">{\"@context\":\"https:\\\/\\\/schema.org\",\"@graph\":[{\"@type\":\"Article\",\"@id\":\"https:\\\/\\\/beritpress.com.br\\\/index.php\\\/2022\\\/05\\\/13\\\/centro-de-imagem-dr-leonel-ferreira-precursor-de-novos-tempos\\\/#article\",\"isPartOf\":{\"@id\":\"https:\\\/\\\/beritpress.com.br\\\/index.php\\\/2022\\\/05\\\/13\\\/centro-de-imagem-dr-leonel-ferreira-precursor-de-novos-tempos\\\/\"},\"author\":{\"name\":\"Danielly de Cassia Silva Mantovani\",\"@id\":\"https:\\\/\\\/beritpress.com.br\\\/#\\\/schema\\\/person\\\/05111a3cc06f383642effb7c9af06f12\"},\"headline\":\"Centro de imagem Dr. Leonel Ferreira, precursor de novos tempos\",\"datePublished\":\"2022-05-13T19:40:31+00:00\",\"dateModified\":\"2022-05-13T19:41:31+00:00\",\"mainEntityOfPage\":{\"@id\":\"https:\\\/\\\/beritpress.com.br\\\/index.php\\\/2022\\\/05\\\/13\\\/centro-de-imagem-dr-leonel-ferreira-precursor-de-novos-tempos\\\/\"},\"wordCount\":762,\"commentCount\":0,\"publisher\":{\"@id\":\"https:\\\/\\\/beritpress.com.br\\\/#organization\"},\"image\":{\"@id\":\"https:\\\/\\\/beritpress.com.br\\\/index.php\\\/2022\\\/05\\\/13\\\/centro-de-imagem-dr-leonel-ferreira-precursor-de-novos-tempos\\\/#primaryimage\"},\"thumbnailUrl\":\"https:\\\/\\\/beritpress.com.br\\\/wp-content\\\/uploads\\\/2022\\\/05\\\/CAPA-DSC_7320-1-scaled.jpg\",\"keywords\":[\"imagem\",\"leonel ferreira\"],\"articleSection\":[\"Empreendedorismo\"],\"inLanguage\":\"pt-BR\",\"potentialAction\":[{\"@type\":\"CommentAction\",\"name\":\"Comment\",\"target\":[\"https:\\\/\\\/beritpress.com.br\\\/index.php\\\/2022\\\/05\\\/13\\\/centro-de-imagem-dr-leonel-ferreira-precursor-de-novos-tempos\\\/#respond\"]}]},{\"@type\":\"WebPage\",\"@id\":\"https:\\\/\\\/beritpress.com.br\\\/index.php\\\/2022\\\/05\\\/13\\\/centro-de-imagem-dr-leonel-ferreira-precursor-de-novos-tempos\\\/\",\"url\":\"https:\\\/\\\/beritpress.com.br\\\/index.php\\\/2022\\\/05\\\/13\\\/centro-de-imagem-dr-leonel-ferreira-precursor-de-novos-tempos\\\/\",\"name\":\"Centro de imagem Dr. Leonel Ferreira, precursor de novos tempos - Berit Press\",\"isPartOf\":{\"@id\":\"https:\\\/\\\/beritpress.com.br\\\/#website\"},\"primaryImageOfPage\":{\"@id\":\"https:\\\/\\\/beritpress.com.br\\\/index.php\\\/2022\\\/05\\\/13\\\/centro-de-imagem-dr-leonel-ferreira-precursor-de-novos-tempos\\\/#primaryimage\"},\"image\":{\"@id\":\"https:\\\/\\\/beritpress.com.br\\\/index.php\\\/2022\\\/05\\\/13\\\/centro-de-imagem-dr-leonel-ferreira-precursor-de-novos-tempos\\\/#primaryimage\"},\"thumbnailUrl\":\"https:\\\/\\\/beritpress.com.br\\\/wp-content\\\/uploads\\\/2022\\\/05\\\/CAPA-DSC_7320-1-scaled.jpg\",\"datePublished\":\"2022-05-13T19:40:31+00:00\",\"dateModified\":\"2022-05-13T19:41:31+00:00\",\"breadcrumb\":{\"@id\":\"https:\\\/\\\/beritpress.com.br\\\/index.php\\\/2022\\\/05\\\/13\\\/centro-de-imagem-dr-leonel-ferreira-precursor-de-novos-tempos\\\/#breadcrumb\"},\"inLanguage\":\"pt-BR\",\"potentialAction\":[{\"@type\":\"ReadAction\",\"target\":[\"https:\\\/\\\/beritpress.com.br\\\/index.php\\\/2022\\\/05\\\/13\\\/centro-de-imagem-dr-leonel-ferreira-precursor-de-novos-tempos\\\/\"]}]},{\"@type\":\"ImageObject\",\"inLanguage\":\"pt-BR\",\"@id\":\"https:\\\/\\\/beritpress.com.br\\\/index.php\\\/2022\\\/05\\\/13\\\/centro-de-imagem-dr-leonel-ferreira-precursor-de-novos-tempos\\\/#primaryimage\",\"url\":\"https:\\\/\\\/beritpress.com.br\\\/wp-content\\\/uploads\\\/2022\\\/05\\\/CAPA-DSC_7320-1-scaled.jpg\",\"contentUrl\":\"https:\\\/\\\/beritpress.com.br\\\/wp-content\\\/uploads\\\/2022\\\/05\\\/CAPA-DSC_7320-1-scaled.jpg\",\"width\":2560,\"height\":1700},{\"@type\":\"BreadcrumbList\",\"@id\":\"https:\\\/\\\/beritpress.com.br\\\/index.php\\\/2022\\\/05\\\/13\\\/centro-de-imagem-dr-leonel-ferreira-precursor-de-novos-tempos\\\/#breadcrumb\",\"itemListElement\":[{\"@type\":\"ListItem\",\"position\":1,\"name\":\"In\u00edcio\",\"item\":\"https:\\\/\\\/beritpress.com.br\\\/\"},{\"@type\":\"ListItem\",\"position\":2,\"name\":\"Centro de imagem Dr. Leonel Ferreira, precursor de novos tempos\"}]},{\"@type\":\"WebSite\",\"@id\":\"https:\\\/\\\/beritpress.com.br\\\/#website\",\"url\":\"https:\\\/\\\/beritpress.com.br\\\/\",\"name\":\"Berit Press\",\"description\":\"Ag\u00eancia de Comunica\u00e7\u00e3o\",\"publisher\":{\"@id\":\"https:\\\/\\\/beritpress.com.br\\\/#organization\"},\"potentialAction\":[{\"@type\":\"SearchAction\",\"target\":{\"@type\":\"EntryPoint\",\"urlTemplate\":\"https:\\\/\\\/beritpress.com.br\\\/?s={search_term_string}\"},\"query-input\":{\"@type\":\"PropertyValueSpecification\",\"valueRequired\":true,\"valueName\":\"search_term_string\"}}],\"inLanguage\":\"pt-BR\"},{\"@type\":\"Organization\",\"@id\":\"https:\\\/\\\/beritpress.com.br\\\/#organization\",\"name\":\"Berit Press\",\"url\":\"https:\\\/\\\/beritpress.com.br\\\/\",\"logo\":{\"@type\":\"ImageObject\",\"inLanguage\":\"pt-BR\",\"@id\":\"https:\\\/\\\/beritpress.com.br\\\/#\\\/schema\\\/logo\\\/image\\\/\",\"url\":\"https:\\\/\\\/beritpress.com.br\\\/wp-content\\\/uploads\\\/2021\\\/02\\\/cropped-logo-beritpress.png\",\"contentUrl\":\"https:\\\/\\\/beritpress.com.br\\\/wp-content\\\/uploads\\\/2021\\\/02\\\/cropped-logo-beritpress.png\",\"width\":190,\"height\":190,\"caption\":\"Berit Press\"},\"image\":{\"@id\":\"https:\\\/\\\/beritpress.com.br\\\/#\\\/schema\\\/logo\\\/image\\\/\"},\"sameAs\":[\"https:\\\/\\\/www.facebook.com\\\/beritpress\",\"https:\\\/\\\/x.com\\\/beritpress\",\"https:\\\/\\\/www.instagram.com\\\/agenciaberitpress\\\/\",\"https:\\\/\\\/www.youtube.com\\\/channel\\\/UCcTID5ZCQW5Z1fyKgSgzUWw\"]},{\"@type\":\"Person\",\"@id\":\"https:\\\/\\\/beritpress.com.br\\\/#\\\/schema\\\/person\\\/05111a3cc06f383642effb7c9af06f12\",\"name\":\"Danielly de Cassia Silva Mantovani\",\"image\":{\"@type\":\"ImageObject\",\"inLanguage\":\"pt-BR\",\"@id\":\"https:\\\/\\\/secure.gravatar.com\\\/avatar\\\/4a206220b317f9ad5a926145fb4edbc5915d40f5e857b6f798207decd234b735?s=96&d=mm&r=g\",\"url\":\"https:\\\/\\\/secure.gravatar.com\\\/avatar\\\/4a206220b317f9ad5a926145fb4edbc5915d40f5e857b6f798207decd234b735?s=96&d=mm&r=g\",\"contentUrl\":\"https:\\\/\\\/secure.gravatar.com\\\/avatar\\\/4a206220b317f9ad5a926145fb4edbc5915d40f5e857b6f798207decd234b735?s=96&d=mm&r=g\",\"caption\":\"Danielly de Cassia Silva Mantovani\"},\"url\":\"https:\\\/\\\/beritpress.com.br\\\/index.php\\\/author\\\/danielly\\\/\"}]}<\/script>\n<!-- \/ Yoast SEO plugin. -->","yoast_head_json":{"title":"Centro de imagem Dr. Leonel Ferreira, precursor de novos tempos - Berit Press","robots":{"index":"index","follow":"follow","max-snippet":"max-snippet:-1","max-image-preview":"max-image-preview:large","max-video-preview":"max-video-preview:-1"},"canonical":"https:\/\/beritpress.com.br\/index.php\/2022\/05\/13\/centro-de-imagem-dr-leonel-ferreira-precursor-de-novos-tempos\/","og_locale":"pt_BR","og_type":"article","og_title":"Centro de imagem Dr. Leonel Ferreira, precursor de novos tempos - Berit Press","og_description":"O Centro de Imagem Dr. Leonel Ferreira \u00e9 muito inspirador, um incans\u00e1vel precursor de novos tempos. Basta lembrar que h\u00e1 quase tr\u00eas d\u00e9cadas em Cascavel, inaugurado em 1994, o Centro de Imagem Dr. Leonel Ferreira atende a Cascavel e regi\u00e3o abrangendo mais de 30 munic\u00edpios atendendo em m\u00e9dia 30 mil pacientes por ano, sempre mantendo &hellip; Continue lendo \"Centro de imagem Dr. Leonel Ferreira, precursor de novos tempos\"","og_url":"https:\/\/beritpress.com.br\/index.php\/2022\/05\/13\/centro-de-imagem-dr-leonel-ferreira-precursor-de-novos-tempos\/","og_site_name":"Berit Press","article_publisher":"https:\/\/www.facebook.com\/beritpress","article_published_time":"2022-05-13T19:40:31+00:00","article_modified_time":"2022-05-13T19:41:31+00:00","og_image":[{"width":2560,"height":1700,"url":"https:\/\/beritpress.com.br\/wp-content\/uploads\/2022\/05\/CAPA-DSC_7320-1-scaled.jpg","type":"image\/jpeg"}],"author":"Danielly de Cassia Silva Mantovani","twitter_card":"summary_large_image","twitter_creator":"@beritpress","twitter_site":"@beritpress","twitter_misc":{"Escrito por":"Danielly de Cassia Silva Mantovani","Est. tempo de leitura":"5 minutos"},"schema":{"@context":"https:\/\/schema.org","@graph":[{"@type":"Article","@id":"https:\/\/beritpress.com.br\/index.php\/2022\/05\/13\/centro-de-imagem-dr-leonel-ferreira-precursor-de-novos-tempos\/#article","isPartOf":{"@id":"https:\/\/beritpress.com.br\/index.php\/2022\/05\/13\/centro-de-imagem-dr-leonel-ferreira-precursor-de-novos-tempos\/"},"author":{"name":"Danielly de Cassia Silva Mantovani","@id":"https:\/\/beritpress.com.br\/#\/schema\/person\/05111a3cc06f383642effb7c9af06f12"},"headline":"Centro de imagem Dr. Leonel Ferreira, precursor de novos tempos","datePublished":"2022-05-13T19:40:31+00:00","dateModified":"2022-05-13T19:41:31+00:00","mainEntityOfPage":{"@id":"https:\/\/beritpress.com.br\/index.php\/2022\/05\/13\/centro-de-imagem-dr-leonel-ferreira-precursor-de-novos-tempos\/"},"wordCount":762,"commentCount":0,"publisher":{"@id":"https:\/\/beritpress.com.br\/#organization"},"image":{"@id":"https:\/\/beritpress.com.br\/index.php\/2022\/05\/13\/centro-de-imagem-dr-leonel-ferreira-precursor-de-novos-tempos\/#primaryimage"},"thumbnailUrl":"https:\/\/beritpress.com.br\/wp-content\/uploads\/2022\/05\/CAPA-DSC_7320-1-scaled.jpg","keywords":["imagem","leonel ferreira"],"articleSection":["Empreendedorismo"],"inLanguage":"pt-BR","potentialAction":[{"@type":"CommentAction","name":"Comment","target":["https:\/\/beritpress.com.br\/index.php\/2022\/05\/13\/centro-de-imagem-dr-leonel-ferreira-precursor-de-novos-tempos\/#respond"]}]},{"@type":"WebPage","@id":"https:\/\/beritpress.com.br\/index.php\/2022\/05\/13\/centro-de-imagem-dr-leonel-ferreira-precursor-de-novos-tempos\/","url":"https:\/\/beritpress.com.br\/index.php\/2022\/05\/13\/centro-de-imagem-dr-leonel-ferreira-precursor-de-novos-tempos\/","name":"Centro de imagem Dr. Leonel Ferreira, precursor de novos tempos - Berit Press","isPartOf":{"@id":"https:\/\/beritpress.com.br\/#website"},"primaryImageOfPage":{"@id":"https:\/\/beritpress.com.br\/index.php\/2022\/05\/13\/centro-de-imagem-dr-leonel-ferreira-precursor-de-novos-tempos\/#primaryimage"},"image":{"@id":"https:\/\/beritpress.com.br\/index.php\/2022\/05\/13\/centro-de-imagem-dr-leonel-ferreira-precursor-de-novos-tempos\/#primaryimage"},"thumbnailUrl":"https:\/\/beritpress.com.br\/wp-content\/uploads\/2022\/05\/CAPA-DSC_7320-1-scaled.jpg","datePublished":"2022-05-13T19:40:31+00:00","dateModified":"2022-05-13T19:41:31+00:00","breadcrumb":{"@id":"https:\/\/beritpress.com.br\/index.php\/2022\/05\/13\/centro-de-imagem-dr-leonel-ferreira-precursor-de-novos-tempos\/#breadcrumb"},"inLanguage":"pt-BR","potentialAction":[{"@type":"ReadAction","target":["https:\/\/beritpress.com.br\/index.php\/2022\/05\/13\/centro-de-imagem-dr-leonel-ferreira-precursor-de-novos-tempos\/"]}]},{"@type":"ImageObject","inLanguage":"pt-BR","@id":"https:\/\/beritpress.com.br\/index.php\/2022\/05\/13\/centro-de-imagem-dr-leonel-ferreira-precursor-de-novos-tempos\/#primaryimage","url":"https:\/\/beritpress.com.br\/wp-content\/uploads\/2022\/05\/CAPA-DSC_7320-1-scaled.jpg","contentUrl":"https:\/\/beritpress.com.br\/wp-content\/uploads\/2022\/05\/CAPA-DSC_7320-1-scaled.jpg","width":2560,"height":1700},{"@type":"BreadcrumbList","@id":"https:\/\/beritpress.com.br\/index.php\/2022\/05\/13\/centro-de-imagem-dr-leonel-ferreira-precursor-de-novos-tempos\/#breadcrumb","itemListElement":[{"@type":"ListItem","position":1,"name":"In\u00edcio","item":"https:\/\/beritpress.com.br\/"},{"@type":"ListItem","position":2,"name":"Centro de imagem Dr. Leonel Ferreira, precursor de novos tempos"}]},{"@type":"WebSite","@id":"https:\/\/beritpress.com.br\/#website","url":"https:\/\/beritpress.com.br\/","name":"Berit Press","description":"Ag\u00eancia de Comunica\u00e7\u00e3o","publisher":{"@id":"https:\/\/beritpress.com.br\/#organization"},"potentialAction":[{"@type":"SearchAction","target":{"@type":"EntryPoint","urlTemplate":"https:\/\/beritpress.com.br\/?s={search_term_string}"},"query-input":{"@type":"PropertyValueSpecification","valueRequired":true,"valueName":"search_term_string"}}],"inLanguage":"pt-BR"},{"@type":"Organization","@id":"https:\/\/beritpress.com.br\/#organization","name":"Berit Press","url":"https:\/\/beritpress.com.br\/","logo":{"@type":"ImageObject","inLanguage":"pt-BR","@id":"https:\/\/beritpress.com.br\/#\/schema\/logo\/image\/","url":"https:\/\/beritpress.com.br\/wp-content\/uploads\/2021\/02\/cropped-logo-beritpress.png","contentUrl":"https:\/\/beritpress.com.br\/wp-content\/uploads\/2021\/02\/cropped-logo-beritpress.png","width":190,"height":190,"caption":"Berit Press"},"image":{"@id":"https:\/\/beritpress.com.br\/#\/schema\/logo\/image\/"},"sameAs":["https:\/\/www.facebook.com\/beritpress","https:\/\/x.com\/beritpress","https:\/\/www.instagram.com\/agenciaberitpress\/","https:\/\/www.youtube.com\/channel\/UCcTID5ZCQW5Z1fyKgSgzUWw"]},{"@type":"Person","@id":"https:\/\/beritpress.com.br\/#\/schema\/person\/05111a3cc06f383642effb7c9af06f12","name":"Danielly de Cassia Silva Mantovani","image":{"@type":"ImageObject","inLanguage":"pt-BR","@id":"https:\/\/secure.gravatar.com\/avatar\/4a206220b317f9ad5a926145fb4edbc5915d40f5e857b6f798207decd234b735?s=96&d=mm&r=g","url":"https:\/\/secure.gravatar.com\/avatar\/4a206220b317f9ad5a926145fb4edbc5915d40f5e857b6f798207decd234b735?s=96&d=mm&r=g","contentUrl":"https:\/\/secure.gravatar.com\/avatar\/4a206220b317f9ad5a926145fb4edbc5915d40f5e857b6f798207decd234b735?s=96&d=mm&r=g","caption":"Danielly de Cassia Silva Mantovani"},"url":"https:\/\/beritpress.com.br\/index.php\/author\/danielly\/"}]}},"_links":{"self":[{"href":"https:\/\/beritpress.com.br\/index.php\/wp-json\/wp\/v2\/posts\/1126","targetHints":{"allow":["GET"]}}],"collection":[{"href":"https:\/\/beritpress.com.br\/index.php\/wp-json\/wp\/v2\/posts"}],"about":[{"href":"https:\/\/beritpress.com.br\/index.php\/wp-json\/wp\/v2\/types\/post"}],"author":[{"embeddable":true,"href":"https:\/\/beritpress.com.br\/index.php\/wp-json\/wp\/v2\/users\/3"}],"replies":[{"embeddable":true,"href":"https:\/\/beritpress.com.br\/index.php\/wp-json\/wp\/v2\/comments?post=1126"}],"version-history":[{"count":3,"href":"https:\/\/beritpress.com.br\/index.php\/wp-json\/wp\/v2\/posts\/1126\/revisions"}],"predecessor-version":[{"id":1134,"href":"https:\/\/beritpress.com.br\/index.php\/wp-json\/wp\/v2\/posts\/1126\/revisions\/1134"}],"wp:featuredmedia":[{"embeddable":true,"href":"https:\/\/beritpress.com.br\/index.php\/wp-json\/wp\/v2\/media\/1127"}],"wp:attachment":[{"href":"https:\/\/beritpress.com.br\/index.php\/wp-json\/wp\/v2\/media?parent=1126"}],"wp:term":[{"taxonomy":"category","embeddable":true,"href":"https:\/\/beritpress.com.br\/index.php\/wp-json\/wp\/v2\/categories?post=1126"},{"taxonomy":"post_tag","embeddable":true,"href":"https:\/\/beritpress.com.br\/index.php\/wp-json\/wp\/v2\/tags?post=1126"}],"curies":[{"name":"wp","href":"https:\/\/api.w.org\/{rel}","templated":true}]}}