{"id":1383,"date":"2022-09-28T17:30:07","date_gmt":"2022-09-28T20:30:07","guid":{"rendered":"https:\/\/beritpress.com.br\/?p=1383"},"modified":"2022-09-28T17:30:09","modified_gmt":"2022-09-28T20:30:09","slug":"dra-elaine-luzia-dos-santos","status":"publish","type":"post","link":"https:\/\/beritpress.com.br\/index.php\/2022\/09\/28\/dra-elaine-luzia-dos-santos\/","title":{"rendered":"Dra. Elaine Luzia dos Santos"},"content":{"rendered":"\n<p><em><strong>De olho no futuro<\/strong><\/em><\/p>\n\n\n\n<figure class=\"wp-block-gallery columns-1 is-cropped wp-block-gallery-1 is-layout-flex wp-block-gallery-is-layout-flex\"><ul class=\"blocks-gallery-grid\"><li class=\"blocks-gallery-item\"><figure><img fetchpriority=\"high\" decoding=\"async\" width=\"1024\" height=\"680\" src=\"https:\/\/beritpress.com.br\/wp-content\/uploads\/2022\/09\/capa-DSC_0003-1024x680.jpg\" alt=\"\" data-id=\"1386\" data-full-url=\"https:\/\/beritpress.com.br\/wp-content\/uploads\/2022\/09\/capa-DSC_0003-scaled.jpg\" data-link=\"https:\/\/beritpress.com.br\/?attachment_id=1386\" class=\"wp-image-1386\" srcset=\"https:\/\/beritpress.com.br\/wp-content\/uploads\/2022\/09\/capa-DSC_0003-1024x680.jpg 1024w, https:\/\/beritpress.com.br\/wp-content\/uploads\/2022\/09\/capa-DSC_0003-300x199.jpg 300w, https:\/\/beritpress.com.br\/wp-content\/uploads\/2022\/09\/capa-DSC_0003-768x510.jpg 768w, https:\/\/beritpress.com.br\/wp-content\/uploads\/2022\/09\/capa-DSC_0003-1536x1020.jpg 1536w, https:\/\/beritpress.com.br\/wp-content\/uploads\/2022\/09\/capa-DSC_0003-2048x1360.jpg 2048w, https:\/\/beritpress.com.br\/wp-content\/uploads\/2022\/09\/capa-DSC_0003-1568x1041.jpg 1568w\" sizes=\"(max-width: 1024px) 100vw, 1024px\" \/><\/figure><\/li><\/ul><figcaption class=\"blocks-gallery-caption\">Fotos: Cesar Pilatti.<\/figcaption><\/figure>\n\n\n\n<p>A escolha por um curso superior n\u00e3o \u00e9 tarefa f\u00e1cil, e encarar uma segunda gradua\u00e7\u00e3o ent\u00e3o, \u00e9 uma decis\u00e3o de peso, ap\u00f3s concluir a gradua\u00e7\u00e3o em farm\u00e1cia, no ano de 2010, em 2012 a Dra. Elaine Luzia iniciou o curso de medicina. Com dedica\u00e7\u00e3o especial pela profiss\u00e3o escolhida no terceiro ano do curso, em novembro de 2014, a rotina foi interrompida por um acidente vascular cerebral \u2013 AVC que afetou a parte do tronco encef\u00e1lico, com o ocorrido a Dra. Elaine, ainda estudante, perdeu os movimentos e a fala, mas sua capacidade intelectual continuou intacta. Com seu amor pela medicina, em setembro de 2015 ela retornou de forma gradual \u00e0s atividades acad\u00eamicas com o apoio do Programa de Educa\u00e7\u00e3o Especial ( PEE) da Unioeste. Sua comunica\u00e7\u00e3o desde ent\u00e3o passou a ser feita atrav\u00e9s dos olhos e assim seguiu etapa por etapa, inclusive os atendimento no Hospital Universit\u00e1rio.<\/p>\n\n\n\n<p>O processo de adapta\u00e7\u00e3o \u00e0 universidade foi \u00fanico,\u00a0 uma vez que n\u00e3o havia precedentes no Brasil.<\/p>\n\n\n\n<blockquote class=\"wp-block-quote is-layout-flow wp-block-quote-is-layout-flow\"><p>Educa\u00e7\u00e3o inclusiva significa eliminar a exclus\u00e3o social, que \u00e9 consequ\u00eancia de atitudes e respostas de diferen\u00e7as de classe social, etnia, religi\u00e3o, g\u00eanero e habilidade. A inclus\u00e3o come\u00e7a a partir da cren\u00e7a de que a educa\u00e7\u00e3o \u00e9 um direito humano e fundamento para uma sociedade mais justa. N\u00f3s temos que ter a inclus\u00e3o como uma meta. A limita\u00e7\u00e3o est\u00e1 nas institui\u00e7\u00f5es e n\u00e3o nas pessoas que precisam de inclus\u00e3o.<\/p><cite>Allan Cezar Faria Ara\u00fajo \u2013 Professor Unioeste.<\/cite><\/blockquote>\n\n\n\n<blockquote class=\"wp-block-quote is-layout-flow wp-block-quote-is-layout-flow\"><p>A universidade p\u00fablica tem esse papel transformador e a Elaine foi respons\u00e1vel por uma transforma\u00e7\u00e3o fant\u00e1stica. Ela mostrou para n\u00f3s que tudo \u00e9 poss\u00edvel quando queremos. Ela \u00e9 motivo de orgulho e esperan\u00e7a<\/p><cite>Alexandre Webber \u2013 Reitor Unioeste.<\/cite><\/blockquote>\n\n\n\n<figure class=\"wp-block-gallery columns-1 is-cropped wp-block-gallery-2 is-layout-flex wp-block-gallery-is-layout-flex\"><ul class=\"blocks-gallery-grid\"><li class=\"blocks-gallery-item\"><figure><img decoding=\"async\" width=\"1024\" height=\"680\" src=\"https:\/\/beritpress.com.br\/wp-content\/uploads\/2022\/09\/DSC_0153-1024x680.jpg\" alt=\"\" data-id=\"1387\" data-full-url=\"https:\/\/beritpress.com.br\/wp-content\/uploads\/2022\/09\/DSC_0153-scaled.jpg\" data-link=\"https:\/\/beritpress.com.br\/?attachment_id=1387\" class=\"wp-image-1387\" srcset=\"https:\/\/beritpress.com.br\/wp-content\/uploads\/2022\/09\/DSC_0153-1024x680.jpg 1024w, https:\/\/beritpress.com.br\/wp-content\/uploads\/2022\/09\/DSC_0153-300x199.jpg 300w, https:\/\/beritpress.com.br\/wp-content\/uploads\/2022\/09\/DSC_0153-768x510.jpg 768w, https:\/\/beritpress.com.br\/wp-content\/uploads\/2022\/09\/DSC_0153-1536x1020.jpg 1536w, https:\/\/beritpress.com.br\/wp-content\/uploads\/2022\/09\/DSC_0153-2048x1360.jpg 2048w, https:\/\/beritpress.com.br\/wp-content\/uploads\/2022\/09\/DSC_0153-1568x1041.jpg 1568w\" sizes=\"(max-width: 1024px) 100vw, 1024px\" \/><\/figure><\/li><\/ul><\/figure>\n\n\n\n<p><strong>ENTREVISTA<\/strong><\/p>\n\n\n\n<p><strong>Como aconteceu a escolha da medicina como profiss\u00e3o?<\/strong><\/p>\n\n\n\n<p>A medicina \u00e9 uma profiss\u00e3o muito singular e pontual, \u00e9 uma profiss\u00e3o que proporciona a maneira mais pr\u00f3xima de conhecer e vivenciar situa\u00e7\u00f5es muito particulares das pessoas. A medicina me escolheu, me oportunizando o exerc\u00edcio de contribuir e de poder ajudar iguais com as mais diversas dificuldades em sa\u00fade como um todo.<\/p>\n\n\n\n<p><strong>Como voc\u00ea v\u00ea o papel do m\u00e9dico em uma sociedade?&nbsp;<\/strong><\/p>\n\n\n\n<p>O m\u00e9dico \u00e9 portador de esperan\u00e7a. Diante de ocasi\u00f5es de vulnerabilidade e ocorr\u00eancias de enfermidades indesejadas o m\u00e9dico \u00e9 intermediador e auxiliar no processo de tratamento e poss\u00edvel cura, trazendo condi\u00e7\u00f5es e expectativa de melhoras na rotina e modo de vida geral do paciente.<\/p>\n\n\n\n<p><strong>Qual a \u00e1rea da medicina mais lhe atrai?<\/strong><\/p>\n\n\n\n<p>&nbsp;A medicina \u00e9 fascinante em todos os seus aspectos, e em especial pelo modo de cuidado dirigido \u00e0s pessoas. O ser humano envolve o ser cognitivo e o ser material, um complexo que \u00e9 ancestralmente estudado e muito haver\u00e1 a ser descoberto sobre suas minuciosidades. Por isso, e diante das sequelas do acidente vascular cerebral isqu\u00eamico e as atuais limita\u00e7\u00f5es que enfrento, estou em busca de uma \u00e1rea que seja adequada, ou seja, atenda as minhas expectativas de conhecimento e tamb\u00e9m minhas possibilidades! Estou aberta \u00e0s experi\u00eancias e a tudo que a medicina e as pessoas possam me oferecer!<\/p>\n\n\n\n<p><strong>Em uma sociedade t\u00e3o fragmentada como voc\u00ea descreve a fam\u00edlia para alicerces futuros?<\/strong><\/p>\n\n\n\n<p>A fam\u00edlia \u00e9 a primeira e mais importante base de um ser humano, \u00e9 alicerce e modelo para atua\u00e7\u00e3o e atingimento de uma sociedade harm\u00f4nica, justa e ideal, t\u00e3o almejada em todos os tempos, e ainda mais nos dias atuais, considerando novas crises sanit\u00e1rias, guerras, escassez alimentar, desentendimentos familiares, entre outros acontecimentos que desestruturam vidas e sonhos.&nbsp;<\/p>\n\n\n\n<p><strong>Um conselho aos colegas m\u00e9dicos em prol da inclus\u00e3o?<\/strong><\/p>\n\n\n\n<p>O conhecimento \u00e9 a base para o exerc\u00edcio abrangente ou espec\u00edfico de qualquer linha de atua\u00e7\u00e3o. Mas, o amor \u00e0 profiss\u00e3o \u00e9 primordial no atendimento de iguais, e essencial com os especiais. A inclus\u00e3o, al\u00e9m de necess\u00e1ria e indispens\u00e1vel, \u00e9 o desentrave de barreiras para viv\u00eancia em uma sociedade de direitos. Que os olhos enxerguem oportunidades e que a inclus\u00e3o seja uma pr\u00e1tica em benef\u00edcio de todos.<\/p>\n\n\n\n<p><strong>UBS DE CAMPO BONITO<br>Dra. Elaine e seu irm\u00e3o Dr. Mario Lucas em atendimento<\/strong><\/p>\n\n\n\n<figure class=\"wp-block-gallery columns-1 is-cropped wp-block-gallery-3 is-layout-flex wp-block-gallery-is-layout-flex\"><ul class=\"blocks-gallery-grid\"><li class=\"blocks-gallery-item\"><figure><img decoding=\"async\" width=\"600\" height=\"500\" src=\"https:\/\/beritpress.com.br\/wp-content\/uploads\/2022\/09\/Campo-Bonito.jpg\" alt=\"\" data-id=\"1388\" data-full-url=\"https:\/\/beritpress.com.br\/wp-content\/uploads\/2022\/09\/Campo-Bonito.jpg\" data-link=\"https:\/\/beritpress.com.br\/?attachment_id=1388\" class=\"wp-image-1388\" srcset=\"https:\/\/beritpress.com.br\/wp-content\/uploads\/2022\/09\/Campo-Bonito.jpg 600w, https:\/\/beritpress.com.br\/wp-content\/uploads\/2022\/09\/Campo-Bonito-300x250.jpg 300w\" sizes=\"(max-width: 600px) 100vw, 600px\" \/><\/figure><\/li><\/ul><\/figure>\n\n\n\n<p><br>Em uma tarde \u00edmpar, Dra. Elaine \u00e9 recebida na Unidade B\u00e1sica de Sa\u00fade de Campo Bonito \u2013 PR com enorme carinho pelos profissionais de sa\u00fade do posto de atendimento. Ap\u00f3s receber o carinho de todos, o Dr. M\u00e1rio Lucas, m\u00e9dico e irm\u00e3o da Dra. Elaine Luzia divide o consult\u00f3rio para atendimento compartilhado. Ap\u00f3s a consulta, a Dra. Elaine foi muito elogiada pela paciente atendida.<\/p>\n\n\n\n<p>Parab\u00e9ns e boa sorte Dra. Elaine!<\/p>\n\n\n\n<figure class=\"wp-block-gallery columns-1 is-cropped wp-block-gallery-4 is-layout-flex wp-block-gallery-is-layout-flex\"><ul class=\"blocks-gallery-grid\"><li class=\"blocks-gallery-item\"><figure><img loading=\"lazy\" decoding=\"async\" width=\"680\" height=\"1024\" src=\"https:\/\/beritpress.com.br\/wp-content\/uploads\/2022\/09\/DSC_0187-6-680x1024.jpg\" alt=\"\" data-id=\"1393\" data-full-url=\"https:\/\/beritpress.com.br\/wp-content\/uploads\/2022\/09\/DSC_0187-6-scaled.jpg\" data-link=\"https:\/\/beritpress.com.br\/?attachment_id=1393\" class=\"wp-image-1393\" srcset=\"https:\/\/beritpress.com.br\/wp-content\/uploads\/2022\/09\/DSC_0187-6-680x1024.jpg 680w, https:\/\/beritpress.com.br\/wp-content\/uploads\/2022\/09\/DSC_0187-6-199x300.jpg 199w, https:\/\/beritpress.com.br\/wp-content\/uploads\/2022\/09\/DSC_0187-6-768x1156.jpg 768w, https:\/\/beritpress.com.br\/wp-content\/uploads\/2022\/09\/DSC_0187-6-1020x1536.jpg 1020w, https:\/\/beritpress.com.br\/wp-content\/uploads\/2022\/09\/DSC_0187-6-1360x2048.jpg 1360w, https:\/\/beritpress.com.br\/wp-content\/uploads\/2022\/09\/DSC_0187-6-1568x2361.jpg 1568w, https:\/\/beritpress.com.br\/wp-content\/uploads\/2022\/09\/DSC_0187-6-scaled.jpg 1700w\" sizes=\"(max-width: 680px) 100vw, 680px\" \/><\/figure><\/li><\/ul><\/figure>\n\n\n\n<blockquote class=\"wp-block-quote is-layout-flow wp-block-quote-is-layout-flow\"><p>Dra. Elaine Luzia dos Santos.<\/p><p>Formada pela Unioeste.<\/p><p>Otimista e de olho no futuro.<\/p><p>O importante \u00e9 nunca desistir.<\/p><p>Cabelo e maquiagem por<a href=\"https:\/\/www.instagram.com\/espaco.hs\/\">\u00a0Espa\u00e7o HS<\/a>.<\/p><\/blockquote>\n\n\n\n<p><\/p>\n","protected":false},"excerpt":{"rendered":"<p>De olho no futuro A escolha por um curso superior n\u00e3o \u00e9 tarefa f\u00e1cil, e encarar uma segunda gradua\u00e7\u00e3o ent\u00e3o, \u00e9 uma decis\u00e3o de peso, ap\u00f3s concluir a gradua\u00e7\u00e3o em farm\u00e1cia, no ano de 2010, em 2012 a Dra. Elaine Luzia iniciou o curso de medicina. Com dedica\u00e7\u00e3o especial pela profiss\u00e3o escolhida no terceiro ano &hellip; <\/p>\n<p class=\"link-more\"><a href=\"https:\/\/beritpress.com.br\/index.php\/2022\/09\/28\/dra-elaine-luzia-dos-santos\/\" class=\"more-link\">Continue lendo<span class=\"screen-reader-text\"> &#8220;Dra. Elaine Luzia dos Santos&#8221;<\/span><\/a><\/p>\n","protected":false},"author":3,"featured_media":1386,"comment_status":"open","ping_status":"open","sticky":false,"template":"","format":"standard","meta":{"footnotes":""},"categories":[8],"tags":[],"class_list":["post-1383","post","type-post","status-publish","format-standard","has-post-thumbnail","hentry","category-empreendedorismo","entry"],"yoast_head":"<!-- This site is optimized with the Yoast SEO plugin v27.5 - https:\/\/yoast.com\/product\/yoast-seo-wordpress\/ -->\n<title>Dra. Elaine Luzia dos Santos - Berit Press<\/title>\n<meta name=\"robots\" content=\"index, follow, max-snippet:-1, max-image-preview:large, max-video-preview:-1\" \/>\n<link rel=\"canonical\" href=\"https:\/\/beritpress.com.br\/index.php\/2022\/09\/28\/dra-elaine-luzia-dos-santos\/\" \/>\n<meta property=\"og:locale\" content=\"pt_BR\" \/>\n<meta property=\"og:type\" content=\"article\" \/>\n<meta property=\"og:title\" content=\"Dra. Elaine Luzia dos Santos - Berit Press\" \/>\n<meta property=\"og:description\" content=\"De olho no futuro A escolha por um curso superior n\u00e3o \u00e9 tarefa f\u00e1cil, e encarar uma segunda gradua\u00e7\u00e3o ent\u00e3o, \u00e9 uma decis\u00e3o de peso, ap\u00f3s concluir a gradua\u00e7\u00e3o em farm\u00e1cia, no ano de 2010, em 2012 a Dra. Elaine Luzia iniciou o curso de medicina. Com dedica\u00e7\u00e3o especial pela profiss\u00e3o escolhida no terceiro ano &hellip; Continue lendo &quot;Dra. Elaine Luzia dos Santos&quot;\" \/>\n<meta property=\"og:url\" content=\"https:\/\/beritpress.com.br\/index.php\/2022\/09\/28\/dra-elaine-luzia-dos-santos\/\" \/>\n<meta property=\"og:site_name\" content=\"Berit Press\" \/>\n<meta property=\"article:publisher\" content=\"https:\/\/www.facebook.com\/beritpress\" \/>\n<meta property=\"article:published_time\" content=\"2022-09-28T20:30:07+00:00\" \/>\n<meta property=\"article:modified_time\" content=\"2022-09-28T20:30:09+00:00\" \/>\n<meta property=\"og:image\" content=\"https:\/\/beritpress.com.br\/wp-content\/uploads\/2022\/09\/capa-DSC_0003-scaled.jpg\" \/>\n\t<meta property=\"og:image:width\" content=\"2560\" \/>\n\t<meta property=\"og:image:height\" content=\"1700\" \/>\n\t<meta property=\"og:image:type\" content=\"image\/jpeg\" \/>\n<meta name=\"author\" content=\"Danielly de Cassia Silva Mantovani\" \/>\n<meta name=\"twitter:card\" content=\"summary_large_image\" \/>\n<meta name=\"twitter:creator\" content=\"@beritpress\" \/>\n<meta name=\"twitter:site\" content=\"@beritpress\" \/>\n<meta name=\"twitter:label1\" content=\"Escrito por\" \/>\n\t<meta name=\"twitter:data1\" content=\"Danielly de Cassia Silva Mantovani\" \/>\n\t<meta name=\"twitter:label2\" content=\"Est. tempo de leitura\" \/>\n\t<meta name=\"twitter:data2\" content=\"5 minutos\" \/>\n<script type=\"application\/ld+json\" class=\"yoast-schema-graph\">{\"@context\":\"https:\\\/\\\/schema.org\",\"@graph\":[{\"@type\":\"Article\",\"@id\":\"https:\\\/\\\/beritpress.com.br\\\/index.php\\\/2022\\\/09\\\/28\\\/dra-elaine-luzia-dos-santos\\\/#article\",\"isPartOf\":{\"@id\":\"https:\\\/\\\/beritpress.com.br\\\/index.php\\\/2022\\\/09\\\/28\\\/dra-elaine-luzia-dos-santos\\\/\"},\"author\":{\"name\":\"Danielly de Cassia Silva Mantovani\",\"@id\":\"https:\\\/\\\/beritpress.com.br\\\/#\\\/schema\\\/person\\\/05111a3cc06f383642effb7c9af06f12\"},\"headline\":\"Dra. Elaine Luzia dos Santos\",\"datePublished\":\"2022-09-28T20:30:07+00:00\",\"dateModified\":\"2022-09-28T20:30:09+00:00\",\"mainEntityOfPage\":{\"@id\":\"https:\\\/\\\/beritpress.com.br\\\/index.php\\\/2022\\\/09\\\/28\\\/dra-elaine-luzia-dos-santos\\\/\"},\"wordCount\":832,\"commentCount\":0,\"publisher\":{\"@id\":\"https:\\\/\\\/beritpress.com.br\\\/#organization\"},\"image\":{\"@id\":\"https:\\\/\\\/beritpress.com.br\\\/index.php\\\/2022\\\/09\\\/28\\\/dra-elaine-luzia-dos-santos\\\/#primaryimage\"},\"thumbnailUrl\":\"https:\\\/\\\/beritpress.com.br\\\/wp-content\\\/uploads\\\/2022\\\/09\\\/capa-DSC_0003-scaled.jpg\",\"articleSection\":[\"Empreendedorismo\"],\"inLanguage\":\"pt-BR\",\"potentialAction\":[{\"@type\":\"CommentAction\",\"name\":\"Comment\",\"target\":[\"https:\\\/\\\/beritpress.com.br\\\/index.php\\\/2022\\\/09\\\/28\\\/dra-elaine-luzia-dos-santos\\\/#respond\"]}]},{\"@type\":\"WebPage\",\"@id\":\"https:\\\/\\\/beritpress.com.br\\\/index.php\\\/2022\\\/09\\\/28\\\/dra-elaine-luzia-dos-santos\\\/\",\"url\":\"https:\\\/\\\/beritpress.com.br\\\/index.php\\\/2022\\\/09\\\/28\\\/dra-elaine-luzia-dos-santos\\\/\",\"name\":\"Dra. Elaine Luzia dos Santos - Berit Press\",\"isPartOf\":{\"@id\":\"https:\\\/\\\/beritpress.com.br\\\/#website\"},\"primaryImageOfPage\":{\"@id\":\"https:\\\/\\\/beritpress.com.br\\\/index.php\\\/2022\\\/09\\\/28\\\/dra-elaine-luzia-dos-santos\\\/#primaryimage\"},\"image\":{\"@id\":\"https:\\\/\\\/beritpress.com.br\\\/index.php\\\/2022\\\/09\\\/28\\\/dra-elaine-luzia-dos-santos\\\/#primaryimage\"},\"thumbnailUrl\":\"https:\\\/\\\/beritpress.com.br\\\/wp-content\\\/uploads\\\/2022\\\/09\\\/capa-DSC_0003-scaled.jpg\",\"datePublished\":\"2022-09-28T20:30:07+00:00\",\"dateModified\":\"2022-09-28T20:30:09+00:00\",\"breadcrumb\":{\"@id\":\"https:\\\/\\\/beritpress.com.br\\\/index.php\\\/2022\\\/09\\\/28\\\/dra-elaine-luzia-dos-santos\\\/#breadcrumb\"},\"inLanguage\":\"pt-BR\",\"potentialAction\":[{\"@type\":\"ReadAction\",\"target\":[\"https:\\\/\\\/beritpress.com.br\\\/index.php\\\/2022\\\/09\\\/28\\\/dra-elaine-luzia-dos-santos\\\/\"]}]},{\"@type\":\"ImageObject\",\"inLanguage\":\"pt-BR\",\"@id\":\"https:\\\/\\\/beritpress.com.br\\\/index.php\\\/2022\\\/09\\\/28\\\/dra-elaine-luzia-dos-santos\\\/#primaryimage\",\"url\":\"https:\\\/\\\/beritpress.com.br\\\/wp-content\\\/uploads\\\/2022\\\/09\\\/capa-DSC_0003-scaled.jpg\",\"contentUrl\":\"https:\\\/\\\/beritpress.com.br\\\/wp-content\\\/uploads\\\/2022\\\/09\\\/capa-DSC_0003-scaled.jpg\",\"width\":2560,\"height\":1700},{\"@type\":\"BreadcrumbList\",\"@id\":\"https:\\\/\\\/beritpress.com.br\\\/index.php\\\/2022\\\/09\\\/28\\\/dra-elaine-luzia-dos-santos\\\/#breadcrumb\",\"itemListElement\":[{\"@type\":\"ListItem\",\"position\":1,\"name\":\"In\u00edcio\",\"item\":\"https:\\\/\\\/beritpress.com.br\\\/\"},{\"@type\":\"ListItem\",\"position\":2,\"name\":\"Dra. Elaine Luzia dos Santos\"}]},{\"@type\":\"WebSite\",\"@id\":\"https:\\\/\\\/beritpress.com.br\\\/#website\",\"url\":\"https:\\\/\\\/beritpress.com.br\\\/\",\"name\":\"Berit Press\",\"description\":\"Ag\u00eancia de Comunica\u00e7\u00e3o\",\"publisher\":{\"@id\":\"https:\\\/\\\/beritpress.com.br\\\/#organization\"},\"potentialAction\":[{\"@type\":\"SearchAction\",\"target\":{\"@type\":\"EntryPoint\",\"urlTemplate\":\"https:\\\/\\\/beritpress.com.br\\\/?s={search_term_string}\"},\"query-input\":{\"@type\":\"PropertyValueSpecification\",\"valueRequired\":true,\"valueName\":\"search_term_string\"}}],\"inLanguage\":\"pt-BR\"},{\"@type\":\"Organization\",\"@id\":\"https:\\\/\\\/beritpress.com.br\\\/#organization\",\"name\":\"Berit Press\",\"url\":\"https:\\\/\\\/beritpress.com.br\\\/\",\"logo\":{\"@type\":\"ImageObject\",\"inLanguage\":\"pt-BR\",\"@id\":\"https:\\\/\\\/beritpress.com.br\\\/#\\\/schema\\\/logo\\\/image\\\/\",\"url\":\"https:\\\/\\\/beritpress.com.br\\\/wp-content\\\/uploads\\\/2021\\\/02\\\/cropped-logo-beritpress.png\",\"contentUrl\":\"https:\\\/\\\/beritpress.com.br\\\/wp-content\\\/uploads\\\/2021\\\/02\\\/cropped-logo-beritpress.png\",\"width\":190,\"height\":190,\"caption\":\"Berit Press\"},\"image\":{\"@id\":\"https:\\\/\\\/beritpress.com.br\\\/#\\\/schema\\\/logo\\\/image\\\/\"},\"sameAs\":[\"https:\\\/\\\/www.facebook.com\\\/beritpress\",\"https:\\\/\\\/x.com\\\/beritpress\",\"https:\\\/\\\/www.instagram.com\\\/agenciaberitpress\\\/\",\"https:\\\/\\\/www.youtube.com\\\/channel\\\/UCcTID5ZCQW5Z1fyKgSgzUWw\"]},{\"@type\":\"Person\",\"@id\":\"https:\\\/\\\/beritpress.com.br\\\/#\\\/schema\\\/person\\\/05111a3cc06f383642effb7c9af06f12\",\"name\":\"Danielly de Cassia Silva Mantovani\",\"image\":{\"@type\":\"ImageObject\",\"inLanguage\":\"pt-BR\",\"@id\":\"https:\\\/\\\/secure.gravatar.com\\\/avatar\\\/4a206220b317f9ad5a926145fb4edbc5915d40f5e857b6f798207decd234b735?s=96&d=mm&r=g\",\"url\":\"https:\\\/\\\/secure.gravatar.com\\\/avatar\\\/4a206220b317f9ad5a926145fb4edbc5915d40f5e857b6f798207decd234b735?s=96&d=mm&r=g\",\"contentUrl\":\"https:\\\/\\\/secure.gravatar.com\\\/avatar\\\/4a206220b317f9ad5a926145fb4edbc5915d40f5e857b6f798207decd234b735?s=96&d=mm&r=g\",\"caption\":\"Danielly de Cassia Silva Mantovani\"},\"url\":\"https:\\\/\\\/beritpress.com.br\\\/index.php\\\/author\\\/danielly\\\/\"}]}<\/script>\n<!-- \/ Yoast SEO plugin. -->","yoast_head_json":{"title":"Dra. Elaine Luzia dos Santos - Berit Press","robots":{"index":"index","follow":"follow","max-snippet":"max-snippet:-1","max-image-preview":"max-image-preview:large","max-video-preview":"max-video-preview:-1"},"canonical":"https:\/\/beritpress.com.br\/index.php\/2022\/09\/28\/dra-elaine-luzia-dos-santos\/","og_locale":"pt_BR","og_type":"article","og_title":"Dra. Elaine Luzia dos Santos - Berit Press","og_description":"De olho no futuro A escolha por um curso superior n\u00e3o \u00e9 tarefa f\u00e1cil, e encarar uma segunda gradua\u00e7\u00e3o ent\u00e3o, \u00e9 uma decis\u00e3o de peso, ap\u00f3s concluir a gradua\u00e7\u00e3o em farm\u00e1cia, no ano de 2010, em 2012 a Dra. Elaine Luzia iniciou o curso de medicina. Com dedica\u00e7\u00e3o especial pela profiss\u00e3o escolhida no terceiro ano &hellip; Continue lendo \"Dra. Elaine Luzia dos Santos\"","og_url":"https:\/\/beritpress.com.br\/index.php\/2022\/09\/28\/dra-elaine-luzia-dos-santos\/","og_site_name":"Berit Press","article_publisher":"https:\/\/www.facebook.com\/beritpress","article_published_time":"2022-09-28T20:30:07+00:00","article_modified_time":"2022-09-28T20:30:09+00:00","og_image":[{"width":2560,"height":1700,"url":"https:\/\/beritpress.com.br\/wp-content\/uploads\/2022\/09\/capa-DSC_0003-scaled.jpg","type":"image\/jpeg"}],"author":"Danielly de Cassia Silva Mantovani","twitter_card":"summary_large_image","twitter_creator":"@beritpress","twitter_site":"@beritpress","twitter_misc":{"Escrito por":"Danielly de Cassia Silva Mantovani","Est. tempo de leitura":"5 minutos"},"schema":{"@context":"https:\/\/schema.org","@graph":[{"@type":"Article","@id":"https:\/\/beritpress.com.br\/index.php\/2022\/09\/28\/dra-elaine-luzia-dos-santos\/#article","isPartOf":{"@id":"https:\/\/beritpress.com.br\/index.php\/2022\/09\/28\/dra-elaine-luzia-dos-santos\/"},"author":{"name":"Danielly de Cassia Silva Mantovani","@id":"https:\/\/beritpress.com.br\/#\/schema\/person\/05111a3cc06f383642effb7c9af06f12"},"headline":"Dra. Elaine Luzia dos Santos","datePublished":"2022-09-28T20:30:07+00:00","dateModified":"2022-09-28T20:30:09+00:00","mainEntityOfPage":{"@id":"https:\/\/beritpress.com.br\/index.php\/2022\/09\/28\/dra-elaine-luzia-dos-santos\/"},"wordCount":832,"commentCount":0,"publisher":{"@id":"https:\/\/beritpress.com.br\/#organization"},"image":{"@id":"https:\/\/beritpress.com.br\/index.php\/2022\/09\/28\/dra-elaine-luzia-dos-santos\/#primaryimage"},"thumbnailUrl":"https:\/\/beritpress.com.br\/wp-content\/uploads\/2022\/09\/capa-DSC_0003-scaled.jpg","articleSection":["Empreendedorismo"],"inLanguage":"pt-BR","potentialAction":[{"@type":"CommentAction","name":"Comment","target":["https:\/\/beritpress.com.br\/index.php\/2022\/09\/28\/dra-elaine-luzia-dos-santos\/#respond"]}]},{"@type":"WebPage","@id":"https:\/\/beritpress.com.br\/index.php\/2022\/09\/28\/dra-elaine-luzia-dos-santos\/","url":"https:\/\/beritpress.com.br\/index.php\/2022\/09\/28\/dra-elaine-luzia-dos-santos\/","name":"Dra. Elaine Luzia dos Santos - Berit Press","isPartOf":{"@id":"https:\/\/beritpress.com.br\/#website"},"primaryImageOfPage":{"@id":"https:\/\/beritpress.com.br\/index.php\/2022\/09\/28\/dra-elaine-luzia-dos-santos\/#primaryimage"},"image":{"@id":"https:\/\/beritpress.com.br\/index.php\/2022\/09\/28\/dra-elaine-luzia-dos-santos\/#primaryimage"},"thumbnailUrl":"https:\/\/beritpress.com.br\/wp-content\/uploads\/2022\/09\/capa-DSC_0003-scaled.jpg","datePublished":"2022-09-28T20:30:07+00:00","dateModified":"2022-09-28T20:30:09+00:00","breadcrumb":{"@id":"https:\/\/beritpress.com.br\/index.php\/2022\/09\/28\/dra-elaine-luzia-dos-santos\/#breadcrumb"},"inLanguage":"pt-BR","potentialAction":[{"@type":"ReadAction","target":["https:\/\/beritpress.com.br\/index.php\/2022\/09\/28\/dra-elaine-luzia-dos-santos\/"]}]},{"@type":"ImageObject","inLanguage":"pt-BR","@id":"https:\/\/beritpress.com.br\/index.php\/2022\/09\/28\/dra-elaine-luzia-dos-santos\/#primaryimage","url":"https:\/\/beritpress.com.br\/wp-content\/uploads\/2022\/09\/capa-DSC_0003-scaled.jpg","contentUrl":"https:\/\/beritpress.com.br\/wp-content\/uploads\/2022\/09\/capa-DSC_0003-scaled.jpg","width":2560,"height":1700},{"@type":"BreadcrumbList","@id":"https:\/\/beritpress.com.br\/index.php\/2022\/09\/28\/dra-elaine-luzia-dos-santos\/#breadcrumb","itemListElement":[{"@type":"ListItem","position":1,"name":"In\u00edcio","item":"https:\/\/beritpress.com.br\/"},{"@type":"ListItem","position":2,"name":"Dra. Elaine Luzia dos Santos"}]},{"@type":"WebSite","@id":"https:\/\/beritpress.com.br\/#website","url":"https:\/\/beritpress.com.br\/","name":"Berit Press","description":"Ag\u00eancia de Comunica\u00e7\u00e3o","publisher":{"@id":"https:\/\/beritpress.com.br\/#organization"},"potentialAction":[{"@type":"SearchAction","target":{"@type":"EntryPoint","urlTemplate":"https:\/\/beritpress.com.br\/?s={search_term_string}"},"query-input":{"@type":"PropertyValueSpecification","valueRequired":true,"valueName":"search_term_string"}}],"inLanguage":"pt-BR"},{"@type":"Organization","@id":"https:\/\/beritpress.com.br\/#organization","name":"Berit Press","url":"https:\/\/beritpress.com.br\/","logo":{"@type":"ImageObject","inLanguage":"pt-BR","@id":"https:\/\/beritpress.com.br\/#\/schema\/logo\/image\/","url":"https:\/\/beritpress.com.br\/wp-content\/uploads\/2021\/02\/cropped-logo-beritpress.png","contentUrl":"https:\/\/beritpress.com.br\/wp-content\/uploads\/2021\/02\/cropped-logo-beritpress.png","width":190,"height":190,"caption":"Berit Press"},"image":{"@id":"https:\/\/beritpress.com.br\/#\/schema\/logo\/image\/"},"sameAs":["https:\/\/www.facebook.com\/beritpress","https:\/\/x.com\/beritpress","https:\/\/www.instagram.com\/agenciaberitpress\/","https:\/\/www.youtube.com\/channel\/UCcTID5ZCQW5Z1fyKgSgzUWw"]},{"@type":"Person","@id":"https:\/\/beritpress.com.br\/#\/schema\/person\/05111a3cc06f383642effb7c9af06f12","name":"Danielly de Cassia Silva Mantovani","image":{"@type":"ImageObject","inLanguage":"pt-BR","@id":"https:\/\/secure.gravatar.com\/avatar\/4a206220b317f9ad5a926145fb4edbc5915d40f5e857b6f798207decd234b735?s=96&d=mm&r=g","url":"https:\/\/secure.gravatar.com\/avatar\/4a206220b317f9ad5a926145fb4edbc5915d40f5e857b6f798207decd234b735?s=96&d=mm&r=g","contentUrl":"https:\/\/secure.gravatar.com\/avatar\/4a206220b317f9ad5a926145fb4edbc5915d40f5e857b6f798207decd234b735?s=96&d=mm&r=g","caption":"Danielly de Cassia Silva Mantovani"},"url":"https:\/\/beritpress.com.br\/index.php\/author\/danielly\/"}]}},"_links":{"self":[{"href":"https:\/\/beritpress.com.br\/index.php\/wp-json\/wp\/v2\/posts\/1383","targetHints":{"allow":["GET"]}}],"collection":[{"href":"https:\/\/beritpress.com.br\/index.php\/wp-json\/wp\/v2\/posts"}],"about":[{"href":"https:\/\/beritpress.com.br\/index.php\/wp-json\/wp\/v2\/types\/post"}],"author":[{"embeddable":true,"href":"https:\/\/beritpress.com.br\/index.php\/wp-json\/wp\/v2\/users\/3"}],"replies":[{"embeddable":true,"href":"https:\/\/beritpress.com.br\/index.php\/wp-json\/wp\/v2\/comments?post=1383"}],"version-history":[{"count":1,"href":"https:\/\/beritpress.com.br\/index.php\/wp-json\/wp\/v2\/posts\/1383\/revisions"}],"predecessor-version":[{"id":1394,"href":"https:\/\/beritpress.com.br\/index.php\/wp-json\/wp\/v2\/posts\/1383\/revisions\/1394"}],"wp:featuredmedia":[{"embeddable":true,"href":"https:\/\/beritpress.com.br\/index.php\/wp-json\/wp\/v2\/media\/1386"}],"wp:attachment":[{"href":"https:\/\/beritpress.com.br\/index.php\/wp-json\/wp\/v2\/media?parent=1383"}],"wp:term":[{"taxonomy":"category","embeddable":true,"href":"https:\/\/beritpress.com.br\/index.php\/wp-json\/wp\/v2\/categories?post=1383"},{"taxonomy":"post_tag","embeddable":true,"href":"https:\/\/beritpress.com.br\/index.php\/wp-json\/wp\/v2\/tags?post=1383"}],"curies":[{"name":"wp","href":"https:\/\/api.w.org\/{rel}","templated":true}]}}