{"id":1399,"date":"2022-10-13T08:31:17","date_gmt":"2022-10-13T11:31:17","guid":{"rendered":"https:\/\/beritpress.com.br\/?p=1399"},"modified":"2022-10-13T08:31:18","modified_gmt":"2022-10-13T11:31:18","slug":"orquestra-sinfonica-de-cascavel","status":"publish","type":"post","link":"https:\/\/beritpress.com.br\/index.php\/2022\/10\/13\/orquestra-sinfonica-de-cascavel\/","title":{"rendered":"Orquestra Sinf\u00f4nica de Cascavel"},"content":{"rendered":"\n<p><em>OSC comemora 19 anos com m\u00fasica e magia<\/em><\/p>\n\n\n\n<p>Em apresenta\u00e7\u00e3o no Audit\u00f3rio Arnaldo Busato da UNIOESTE Cascavel, a OSC brindou o p\u00fablico presente, que lotou o audit\u00f3rio, com momentos inesquec\u00edveis. Entre as pe\u00e7as apresentadas, foram contemplados os compositores Vivaldi, Bach, Tchaikovsky e Beethoven, al\u00e9m de Bj\u00f6rn Hagvall, John Williams, Toquinho e Tim Maia.<\/p>\n\n\n\n<figure class=\"wp-block-image size-large\"><img fetchpriority=\"high\" decoding=\"async\" width=\"900\" height=\"700\" src=\"https:\/\/beritpress.com.br\/wp-content\/uploads\/2022\/10\/WhatsApp-Image-2022-10-13-at-08.25.43.jpeg\" alt=\"\" class=\"wp-image-1401\" srcset=\"https:\/\/beritpress.com.br\/wp-content\/uploads\/2022\/10\/WhatsApp-Image-2022-10-13-at-08.25.43.jpeg 900w, https:\/\/beritpress.com.br\/wp-content\/uploads\/2022\/10\/WhatsApp-Image-2022-10-13-at-08.25.43-300x233.jpeg 300w, https:\/\/beritpress.com.br\/wp-content\/uploads\/2022\/10\/WhatsApp-Image-2022-10-13-at-08.25.43-768x597.jpeg 768w\" sizes=\"(max-width: 900px) 100vw, 900px\" \/><\/figure>\n\n\n\n<p>Vale dizer que a orquestra coleciona certifica\u00e7\u00f5es e muitos pr\u00eamios, entre eles o convite dos Estados Unidos para se apresentar no Teatro Jo\u00e3o Caetano, durante a Jornada Mundial da Juventude. Neste domingo, na plateia, tamb\u00e9m esteve presente o compositor Cleverson Uliana, que durante anos morou no Rio de Janeiro onde realizou seus estudos e curso superior de m\u00fasica na UFRJ. Cleverson que fez a trilha sonora do filme o Monte Carmel para a Orquestra Sinf\u00f4nica executar sob a reg\u00eancia da Maestrina Giordana Lube, disse que ter participado com a mesma na execu\u00e7\u00e3o da trilha no Rio de Janeiro foi um momento muito feliz, que espera repetir acontecimentos semelhantes &#8220;foi uma grande realiza\u00e7\u00e3o por assim dizer&#8221;. Sobre a comemora\u00e7\u00e3o dos 19 anos da Orquestra, Cleverson faz quest\u00e3o de afirmar que deveria haver mais projetos semelhantes em todo o Brasil bem como mundo a fora, pois a mesma ajuda no desenvolvimento humano, cria sociabilidade, enfim, todas as artes ajudam na estabilidade social. Portanto a Orquestra Sinf\u00f4nica de Cascavel, est\u00e1 de parab\u00e9ns por sua import\u00e2ncia e tudo que ela realiza, e desejo que a mesma continue encantando as plateias com suas belas apresenta\u00e7\u00f5es, finaliza.<\/p>\n\n\n\n<p>Conversamos tamb\u00e9m com a Maestrina da OSC, Giordana Galvan Lube, a qual nos diz \u201cchegar aos 19 anos com a OSC \u00e9 uma grande emo\u00e7\u00e3o, a gente olha para tr\u00e1s e nem parece que passou tanto tempo, \u00e9 uma hist\u00f3ria de vida, tem muita gente na base do processo junto comigo, o que ajuda a formar outras pessoas, na verdade \u00e9 uma fam\u00edlia musical, um exemplo de harmonia, n\u00f3s somos um exemplo de conviv\u00eancia, \u00e9 um compartilhar do espa\u00e7o onde todos podem brilhar, \u00e9 algo super bonito e estamos muito felizes em chegar at\u00e9 aqui\u201d. E ao perguntar o que a sociedade pode esperar daqui pra frente, a Maestrina responde \u201cnosso grande sonho daqui pra frente \u00e9 ter uma orquestra profissional, para tanto vamos continuar escrevendo projetos, bem como participar de editais, pois precisamos crescer, comprar instrumentos, buscar bolsas para os integrantes, poder trazer convidados e maestros de fora, podemos fazer muito mais se tivermos recurso\u201d. Outrossim Giordana comenta que a iniciativa privada pode ter seu nome na Orquestra \u201cpodem participar pois temos uma institui\u00e7\u00e3o sem fins lucrativos, tudo legalizado, e est\u00e1 provado que associar o nome de uma empresa a projetos culturais traz grandes resultados para a mesma\u201d.<\/p>\n\n\n\n<p>Vale a pena esperar a pr\u00f3xima apresenta\u00e7\u00e3o, basta ficar de olho e ter um momento prazeroso de boa m\u00fasica. A pr\u00f3xima apresenta\u00e7\u00e3o ocorrer\u00e1 no dia 19 de novembro em S\u00e3o Miguel do Oeste \u2013 Santa Catarina e dia 11 de dezembro o p\u00fablico ter\u00e1 a oportunidade de assistir uma nova apresenta\u00e7\u00e3o da OSC no Teatro Municipal de Cascavel.<\/p>\n","protected":false},"excerpt":{"rendered":"<p>OSC comemora 19 anos com m\u00fasica e magia Em apresenta\u00e7\u00e3o no Audit\u00f3rio Arnaldo Busato da UNIOESTE Cascavel, a OSC brindou o p\u00fablico presente, que lotou o audit\u00f3rio, com momentos inesquec\u00edveis. Entre as pe\u00e7as apresentadas, foram contemplados os compositores Vivaldi, Bach, Tchaikovsky e Beethoven, al\u00e9m de Bj\u00f6rn Hagvall, John Williams, Toquinho e Tim Maia. Vale dizer &hellip; <\/p>\n<p class=\"link-more\"><a href=\"https:\/\/beritpress.com.br\/index.php\/2022\/10\/13\/orquestra-sinfonica-de-cascavel\/\" class=\"more-link\">Continue lendo<span class=\"screen-reader-text\"> &#8220;Orquestra Sinf\u00f4nica de Cascavel&#8221;<\/span><\/a><\/p>\n","protected":false},"author":3,"featured_media":1400,"comment_status":"open","ping_status":"open","sticky":false,"template":"","format":"standard","meta":{"footnotes":""},"categories":[7],"tags":[],"class_list":["post-1399","post","type-post","status-publish","format-standard","has-post-thumbnail","hentry","category-cultura","entry"],"yoast_head":"<!-- This site is optimized with the Yoast SEO plugin v27.5 - https:\/\/yoast.com\/product\/yoast-seo-wordpress\/ -->\n<title>Orquestra Sinf\u00f4nica de Cascavel - Berit Press<\/title>\n<meta name=\"robots\" content=\"index, follow, max-snippet:-1, max-image-preview:large, max-video-preview:-1\" \/>\n<link rel=\"canonical\" href=\"https:\/\/beritpress.com.br\/index.php\/2022\/10\/13\/orquestra-sinfonica-de-cascavel\/\" \/>\n<meta property=\"og:locale\" content=\"pt_BR\" \/>\n<meta property=\"og:type\" content=\"article\" \/>\n<meta property=\"og:title\" content=\"Orquestra Sinf\u00f4nica de Cascavel - Berit Press\" \/>\n<meta property=\"og:description\" content=\"OSC comemora 19 anos com m\u00fasica e magia Em apresenta\u00e7\u00e3o no Audit\u00f3rio Arnaldo Busato da UNIOESTE Cascavel, a OSC brindou o p\u00fablico presente, que lotou o audit\u00f3rio, com momentos inesquec\u00edveis. Entre as pe\u00e7as apresentadas, foram contemplados os compositores Vivaldi, Bach, Tchaikovsky e Beethoven, al\u00e9m de Bj\u00f6rn Hagvall, John Williams, Toquinho e Tim Maia. Vale dizer &hellip; Continue lendo &quot;Orquestra Sinf\u00f4nica de Cascavel&quot;\" \/>\n<meta property=\"og:url\" content=\"https:\/\/beritpress.com.br\/index.php\/2022\/10\/13\/orquestra-sinfonica-de-cascavel\/\" \/>\n<meta property=\"og:site_name\" content=\"Berit Press\" \/>\n<meta property=\"article:publisher\" content=\"https:\/\/www.facebook.com\/beritpress\" \/>\n<meta property=\"article:published_time\" content=\"2022-10-13T11:31:17+00:00\" \/>\n<meta property=\"article:modified_time\" content=\"2022-10-13T11:31:18+00:00\" \/>\n<meta property=\"og:image\" content=\"https:\/\/beritpress.com.br\/wp-content\/uploads\/2022\/10\/WhatsApp-Image-2022-10-13-at-08.26.26.jpeg\" \/>\n\t<meta property=\"og:image:width\" content=\"1280\" \/>\n\t<meta property=\"og:image:height\" content=\"809\" \/>\n\t<meta property=\"og:image:type\" content=\"image\/jpeg\" \/>\n<meta name=\"author\" content=\"Danielly de Cassia Silva Mantovani\" \/>\n<meta name=\"twitter:card\" content=\"summary_large_image\" \/>\n<meta name=\"twitter:creator\" content=\"@beritpress\" \/>\n<meta name=\"twitter:site\" content=\"@beritpress\" \/>\n<meta name=\"twitter:label1\" content=\"Escrito por\" \/>\n\t<meta name=\"twitter:data1\" content=\"Danielly de Cassia Silva Mantovani\" \/>\n\t<meta name=\"twitter:label2\" content=\"Est. tempo de leitura\" \/>\n\t<meta name=\"twitter:data2\" content=\"3 minutos\" \/>\n<script type=\"application\/ld+json\" class=\"yoast-schema-graph\">{\"@context\":\"https:\\\/\\\/schema.org\",\"@graph\":[{\"@type\":\"Article\",\"@id\":\"https:\\\/\\\/beritpress.com.br\\\/index.php\\\/2022\\\/10\\\/13\\\/orquestra-sinfonica-de-cascavel\\\/#article\",\"isPartOf\":{\"@id\":\"https:\\\/\\\/beritpress.com.br\\\/index.php\\\/2022\\\/10\\\/13\\\/orquestra-sinfonica-de-cascavel\\\/\"},\"author\":{\"name\":\"Danielly de Cassia Silva Mantovani\",\"@id\":\"https:\\\/\\\/beritpress.com.br\\\/#\\\/schema\\\/person\\\/05111a3cc06f383642effb7c9af06f12\"},\"headline\":\"Orquestra Sinf\u00f4nica de Cascavel\",\"datePublished\":\"2022-10-13T11:31:17+00:00\",\"dateModified\":\"2022-10-13T11:31:18+00:00\",\"mainEntityOfPage\":{\"@id\":\"https:\\\/\\\/beritpress.com.br\\\/index.php\\\/2022\\\/10\\\/13\\\/orquestra-sinfonica-de-cascavel\\\/\"},\"wordCount\":535,\"commentCount\":0,\"publisher\":{\"@id\":\"https:\\\/\\\/beritpress.com.br\\\/#organization\"},\"image\":{\"@id\":\"https:\\\/\\\/beritpress.com.br\\\/index.php\\\/2022\\\/10\\\/13\\\/orquestra-sinfonica-de-cascavel\\\/#primaryimage\"},\"thumbnailUrl\":\"https:\\\/\\\/beritpress.com.br\\\/wp-content\\\/uploads\\\/2022\\\/10\\\/WhatsApp-Image-2022-10-13-at-08.26.26.jpeg\",\"articleSection\":[\"Cultura\"],\"inLanguage\":\"pt-BR\",\"potentialAction\":[{\"@type\":\"CommentAction\",\"name\":\"Comment\",\"target\":[\"https:\\\/\\\/beritpress.com.br\\\/index.php\\\/2022\\\/10\\\/13\\\/orquestra-sinfonica-de-cascavel\\\/#respond\"]}]},{\"@type\":\"WebPage\",\"@id\":\"https:\\\/\\\/beritpress.com.br\\\/index.php\\\/2022\\\/10\\\/13\\\/orquestra-sinfonica-de-cascavel\\\/\",\"url\":\"https:\\\/\\\/beritpress.com.br\\\/index.php\\\/2022\\\/10\\\/13\\\/orquestra-sinfonica-de-cascavel\\\/\",\"name\":\"Orquestra Sinf\u00f4nica de Cascavel - Berit Press\",\"isPartOf\":{\"@id\":\"https:\\\/\\\/beritpress.com.br\\\/#website\"},\"primaryImageOfPage\":{\"@id\":\"https:\\\/\\\/beritpress.com.br\\\/index.php\\\/2022\\\/10\\\/13\\\/orquestra-sinfonica-de-cascavel\\\/#primaryimage\"},\"image\":{\"@id\":\"https:\\\/\\\/beritpress.com.br\\\/index.php\\\/2022\\\/10\\\/13\\\/orquestra-sinfonica-de-cascavel\\\/#primaryimage\"},\"thumbnailUrl\":\"https:\\\/\\\/beritpress.com.br\\\/wp-content\\\/uploads\\\/2022\\\/10\\\/WhatsApp-Image-2022-10-13-at-08.26.26.jpeg\",\"datePublished\":\"2022-10-13T11:31:17+00:00\",\"dateModified\":\"2022-10-13T11:31:18+00:00\",\"breadcrumb\":{\"@id\":\"https:\\\/\\\/beritpress.com.br\\\/index.php\\\/2022\\\/10\\\/13\\\/orquestra-sinfonica-de-cascavel\\\/#breadcrumb\"},\"inLanguage\":\"pt-BR\",\"potentialAction\":[{\"@type\":\"ReadAction\",\"target\":[\"https:\\\/\\\/beritpress.com.br\\\/index.php\\\/2022\\\/10\\\/13\\\/orquestra-sinfonica-de-cascavel\\\/\"]}]},{\"@type\":\"ImageObject\",\"inLanguage\":\"pt-BR\",\"@id\":\"https:\\\/\\\/beritpress.com.br\\\/index.php\\\/2022\\\/10\\\/13\\\/orquestra-sinfonica-de-cascavel\\\/#primaryimage\",\"url\":\"https:\\\/\\\/beritpress.com.br\\\/wp-content\\\/uploads\\\/2022\\\/10\\\/WhatsApp-Image-2022-10-13-at-08.26.26.jpeg\",\"contentUrl\":\"https:\\\/\\\/beritpress.com.br\\\/wp-content\\\/uploads\\\/2022\\\/10\\\/WhatsApp-Image-2022-10-13-at-08.26.26.jpeg\",\"width\":1280,\"height\":809},{\"@type\":\"BreadcrumbList\",\"@id\":\"https:\\\/\\\/beritpress.com.br\\\/index.php\\\/2022\\\/10\\\/13\\\/orquestra-sinfonica-de-cascavel\\\/#breadcrumb\",\"itemListElement\":[{\"@type\":\"ListItem\",\"position\":1,\"name\":\"In\u00edcio\",\"item\":\"https:\\\/\\\/beritpress.com.br\\\/\"},{\"@type\":\"ListItem\",\"position\":2,\"name\":\"Orquestra Sinf\u00f4nica de Cascavel\"}]},{\"@type\":\"WebSite\",\"@id\":\"https:\\\/\\\/beritpress.com.br\\\/#website\",\"url\":\"https:\\\/\\\/beritpress.com.br\\\/\",\"name\":\"Berit Press\",\"description\":\"Ag\u00eancia de Comunica\u00e7\u00e3o\",\"publisher\":{\"@id\":\"https:\\\/\\\/beritpress.com.br\\\/#organization\"},\"potentialAction\":[{\"@type\":\"SearchAction\",\"target\":{\"@type\":\"EntryPoint\",\"urlTemplate\":\"https:\\\/\\\/beritpress.com.br\\\/?s={search_term_string}\"},\"query-input\":{\"@type\":\"PropertyValueSpecification\",\"valueRequired\":true,\"valueName\":\"search_term_string\"}}],\"inLanguage\":\"pt-BR\"},{\"@type\":\"Organization\",\"@id\":\"https:\\\/\\\/beritpress.com.br\\\/#organization\",\"name\":\"Berit Press\",\"url\":\"https:\\\/\\\/beritpress.com.br\\\/\",\"logo\":{\"@type\":\"ImageObject\",\"inLanguage\":\"pt-BR\",\"@id\":\"https:\\\/\\\/beritpress.com.br\\\/#\\\/schema\\\/logo\\\/image\\\/\",\"url\":\"https:\\\/\\\/beritpress.com.br\\\/wp-content\\\/uploads\\\/2021\\\/02\\\/cropped-logo-beritpress.png\",\"contentUrl\":\"https:\\\/\\\/beritpress.com.br\\\/wp-content\\\/uploads\\\/2021\\\/02\\\/cropped-logo-beritpress.png\",\"width\":190,\"height\":190,\"caption\":\"Berit Press\"},\"image\":{\"@id\":\"https:\\\/\\\/beritpress.com.br\\\/#\\\/schema\\\/logo\\\/image\\\/\"},\"sameAs\":[\"https:\\\/\\\/www.facebook.com\\\/beritpress\",\"https:\\\/\\\/x.com\\\/beritpress\",\"https:\\\/\\\/www.instagram.com\\\/agenciaberitpress\\\/\",\"https:\\\/\\\/www.youtube.com\\\/channel\\\/UCcTID5ZCQW5Z1fyKgSgzUWw\"]},{\"@type\":\"Person\",\"@id\":\"https:\\\/\\\/beritpress.com.br\\\/#\\\/schema\\\/person\\\/05111a3cc06f383642effb7c9af06f12\",\"name\":\"Danielly de Cassia Silva Mantovani\",\"image\":{\"@type\":\"ImageObject\",\"inLanguage\":\"pt-BR\",\"@id\":\"https:\\\/\\\/secure.gravatar.com\\\/avatar\\\/4a206220b317f9ad5a926145fb4edbc5915d40f5e857b6f798207decd234b735?s=96&d=mm&r=g\",\"url\":\"https:\\\/\\\/secure.gravatar.com\\\/avatar\\\/4a206220b317f9ad5a926145fb4edbc5915d40f5e857b6f798207decd234b735?s=96&d=mm&r=g\",\"contentUrl\":\"https:\\\/\\\/secure.gravatar.com\\\/avatar\\\/4a206220b317f9ad5a926145fb4edbc5915d40f5e857b6f798207decd234b735?s=96&d=mm&r=g\",\"caption\":\"Danielly de Cassia Silva Mantovani\"},\"url\":\"https:\\\/\\\/beritpress.com.br\\\/index.php\\\/author\\\/danielly\\\/\"}]}<\/script>\n<!-- \/ Yoast SEO plugin. -->","yoast_head_json":{"title":"Orquestra Sinf\u00f4nica de Cascavel - Berit Press","robots":{"index":"index","follow":"follow","max-snippet":"max-snippet:-1","max-image-preview":"max-image-preview:large","max-video-preview":"max-video-preview:-1"},"canonical":"https:\/\/beritpress.com.br\/index.php\/2022\/10\/13\/orquestra-sinfonica-de-cascavel\/","og_locale":"pt_BR","og_type":"article","og_title":"Orquestra Sinf\u00f4nica de Cascavel - Berit Press","og_description":"OSC comemora 19 anos com m\u00fasica e magia Em apresenta\u00e7\u00e3o no Audit\u00f3rio Arnaldo Busato da UNIOESTE Cascavel, a OSC brindou o p\u00fablico presente, que lotou o audit\u00f3rio, com momentos inesquec\u00edveis. Entre as pe\u00e7as apresentadas, foram contemplados os compositores Vivaldi, Bach, Tchaikovsky e Beethoven, al\u00e9m de Bj\u00f6rn Hagvall, John Williams, Toquinho e Tim Maia. Vale dizer &hellip; Continue lendo \"Orquestra Sinf\u00f4nica de Cascavel\"","og_url":"https:\/\/beritpress.com.br\/index.php\/2022\/10\/13\/orquestra-sinfonica-de-cascavel\/","og_site_name":"Berit Press","article_publisher":"https:\/\/www.facebook.com\/beritpress","article_published_time":"2022-10-13T11:31:17+00:00","article_modified_time":"2022-10-13T11:31:18+00:00","og_image":[{"width":1280,"height":809,"url":"https:\/\/beritpress.com.br\/wp-content\/uploads\/2022\/10\/WhatsApp-Image-2022-10-13-at-08.26.26.jpeg","type":"image\/jpeg"}],"author":"Danielly de Cassia Silva Mantovani","twitter_card":"summary_large_image","twitter_creator":"@beritpress","twitter_site":"@beritpress","twitter_misc":{"Escrito por":"Danielly de Cassia Silva Mantovani","Est. tempo de leitura":"3 minutos"},"schema":{"@context":"https:\/\/schema.org","@graph":[{"@type":"Article","@id":"https:\/\/beritpress.com.br\/index.php\/2022\/10\/13\/orquestra-sinfonica-de-cascavel\/#article","isPartOf":{"@id":"https:\/\/beritpress.com.br\/index.php\/2022\/10\/13\/orquestra-sinfonica-de-cascavel\/"},"author":{"name":"Danielly de Cassia Silva Mantovani","@id":"https:\/\/beritpress.com.br\/#\/schema\/person\/05111a3cc06f383642effb7c9af06f12"},"headline":"Orquestra Sinf\u00f4nica de Cascavel","datePublished":"2022-10-13T11:31:17+00:00","dateModified":"2022-10-13T11:31:18+00:00","mainEntityOfPage":{"@id":"https:\/\/beritpress.com.br\/index.php\/2022\/10\/13\/orquestra-sinfonica-de-cascavel\/"},"wordCount":535,"commentCount":0,"publisher":{"@id":"https:\/\/beritpress.com.br\/#organization"},"image":{"@id":"https:\/\/beritpress.com.br\/index.php\/2022\/10\/13\/orquestra-sinfonica-de-cascavel\/#primaryimage"},"thumbnailUrl":"https:\/\/beritpress.com.br\/wp-content\/uploads\/2022\/10\/WhatsApp-Image-2022-10-13-at-08.26.26.jpeg","articleSection":["Cultura"],"inLanguage":"pt-BR","potentialAction":[{"@type":"CommentAction","name":"Comment","target":["https:\/\/beritpress.com.br\/index.php\/2022\/10\/13\/orquestra-sinfonica-de-cascavel\/#respond"]}]},{"@type":"WebPage","@id":"https:\/\/beritpress.com.br\/index.php\/2022\/10\/13\/orquestra-sinfonica-de-cascavel\/","url":"https:\/\/beritpress.com.br\/index.php\/2022\/10\/13\/orquestra-sinfonica-de-cascavel\/","name":"Orquestra Sinf\u00f4nica de Cascavel - Berit Press","isPartOf":{"@id":"https:\/\/beritpress.com.br\/#website"},"primaryImageOfPage":{"@id":"https:\/\/beritpress.com.br\/index.php\/2022\/10\/13\/orquestra-sinfonica-de-cascavel\/#primaryimage"},"image":{"@id":"https:\/\/beritpress.com.br\/index.php\/2022\/10\/13\/orquestra-sinfonica-de-cascavel\/#primaryimage"},"thumbnailUrl":"https:\/\/beritpress.com.br\/wp-content\/uploads\/2022\/10\/WhatsApp-Image-2022-10-13-at-08.26.26.jpeg","datePublished":"2022-10-13T11:31:17+00:00","dateModified":"2022-10-13T11:31:18+00:00","breadcrumb":{"@id":"https:\/\/beritpress.com.br\/index.php\/2022\/10\/13\/orquestra-sinfonica-de-cascavel\/#breadcrumb"},"inLanguage":"pt-BR","potentialAction":[{"@type":"ReadAction","target":["https:\/\/beritpress.com.br\/index.php\/2022\/10\/13\/orquestra-sinfonica-de-cascavel\/"]}]},{"@type":"ImageObject","inLanguage":"pt-BR","@id":"https:\/\/beritpress.com.br\/index.php\/2022\/10\/13\/orquestra-sinfonica-de-cascavel\/#primaryimage","url":"https:\/\/beritpress.com.br\/wp-content\/uploads\/2022\/10\/WhatsApp-Image-2022-10-13-at-08.26.26.jpeg","contentUrl":"https:\/\/beritpress.com.br\/wp-content\/uploads\/2022\/10\/WhatsApp-Image-2022-10-13-at-08.26.26.jpeg","width":1280,"height":809},{"@type":"BreadcrumbList","@id":"https:\/\/beritpress.com.br\/index.php\/2022\/10\/13\/orquestra-sinfonica-de-cascavel\/#breadcrumb","itemListElement":[{"@type":"ListItem","position":1,"name":"In\u00edcio","item":"https:\/\/beritpress.com.br\/"},{"@type":"ListItem","position":2,"name":"Orquestra Sinf\u00f4nica de Cascavel"}]},{"@type":"WebSite","@id":"https:\/\/beritpress.com.br\/#website","url":"https:\/\/beritpress.com.br\/","name":"Berit Press","description":"Ag\u00eancia de Comunica\u00e7\u00e3o","publisher":{"@id":"https:\/\/beritpress.com.br\/#organization"},"potentialAction":[{"@type":"SearchAction","target":{"@type":"EntryPoint","urlTemplate":"https:\/\/beritpress.com.br\/?s={search_term_string}"},"query-input":{"@type":"PropertyValueSpecification","valueRequired":true,"valueName":"search_term_string"}}],"inLanguage":"pt-BR"},{"@type":"Organization","@id":"https:\/\/beritpress.com.br\/#organization","name":"Berit Press","url":"https:\/\/beritpress.com.br\/","logo":{"@type":"ImageObject","inLanguage":"pt-BR","@id":"https:\/\/beritpress.com.br\/#\/schema\/logo\/image\/","url":"https:\/\/beritpress.com.br\/wp-content\/uploads\/2021\/02\/cropped-logo-beritpress.png","contentUrl":"https:\/\/beritpress.com.br\/wp-content\/uploads\/2021\/02\/cropped-logo-beritpress.png","width":190,"height":190,"caption":"Berit Press"},"image":{"@id":"https:\/\/beritpress.com.br\/#\/schema\/logo\/image\/"},"sameAs":["https:\/\/www.facebook.com\/beritpress","https:\/\/x.com\/beritpress","https:\/\/www.instagram.com\/agenciaberitpress\/","https:\/\/www.youtube.com\/channel\/UCcTID5ZCQW5Z1fyKgSgzUWw"]},{"@type":"Person","@id":"https:\/\/beritpress.com.br\/#\/schema\/person\/05111a3cc06f383642effb7c9af06f12","name":"Danielly de Cassia Silva Mantovani","image":{"@type":"ImageObject","inLanguage":"pt-BR","@id":"https:\/\/secure.gravatar.com\/avatar\/4a206220b317f9ad5a926145fb4edbc5915d40f5e857b6f798207decd234b735?s=96&d=mm&r=g","url":"https:\/\/secure.gravatar.com\/avatar\/4a206220b317f9ad5a926145fb4edbc5915d40f5e857b6f798207decd234b735?s=96&d=mm&r=g","contentUrl":"https:\/\/secure.gravatar.com\/avatar\/4a206220b317f9ad5a926145fb4edbc5915d40f5e857b6f798207decd234b735?s=96&d=mm&r=g","caption":"Danielly de Cassia Silva Mantovani"},"url":"https:\/\/beritpress.com.br\/index.php\/author\/danielly\/"}]}},"_links":{"self":[{"href":"https:\/\/beritpress.com.br\/index.php\/wp-json\/wp\/v2\/posts\/1399","targetHints":{"allow":["GET"]}}],"collection":[{"href":"https:\/\/beritpress.com.br\/index.php\/wp-json\/wp\/v2\/posts"}],"about":[{"href":"https:\/\/beritpress.com.br\/index.php\/wp-json\/wp\/v2\/types\/post"}],"author":[{"embeddable":true,"href":"https:\/\/beritpress.com.br\/index.php\/wp-json\/wp\/v2\/users\/3"}],"replies":[{"embeddable":true,"href":"https:\/\/beritpress.com.br\/index.php\/wp-json\/wp\/v2\/comments?post=1399"}],"version-history":[{"count":1,"href":"https:\/\/beritpress.com.br\/index.php\/wp-json\/wp\/v2\/posts\/1399\/revisions"}],"predecessor-version":[{"id":1402,"href":"https:\/\/beritpress.com.br\/index.php\/wp-json\/wp\/v2\/posts\/1399\/revisions\/1402"}],"wp:featuredmedia":[{"embeddable":true,"href":"https:\/\/beritpress.com.br\/index.php\/wp-json\/wp\/v2\/media\/1400"}],"wp:attachment":[{"href":"https:\/\/beritpress.com.br\/index.php\/wp-json\/wp\/v2\/media?parent=1399"}],"wp:term":[{"taxonomy":"category","embeddable":true,"href":"https:\/\/beritpress.com.br\/index.php\/wp-json\/wp\/v2\/categories?post=1399"},{"taxonomy":"post_tag","embeddable":true,"href":"https:\/\/beritpress.com.br\/index.php\/wp-json\/wp\/v2\/tags?post=1399"}],"curies":[{"name":"wp","href":"https:\/\/api.w.org\/{rel}","templated":true}]}}