{"id":1421,"date":"2022-11-07T10:53:37","date_gmt":"2022-11-07T13:53:37","guid":{"rendered":"https:\/\/beritpress.com.br\/?p=1421"},"modified":"2022-11-07T10:54:02","modified_gmt":"2022-11-07T13:54:02","slug":"potencial-turistico-de-cascavel-ganha-forca-com-espacos-de-museus","status":"publish","type":"post","link":"https:\/\/beritpress.com.br\/index.php\/2022\/11\/07\/potencial-turistico-de-cascavel-ganha-forca-com-espacos-de-museus\/","title":{"rendered":"Potencial tur\u00edstico de Cascavel ganha for\u00e7a com espa\u00e7os de museus"},"content":{"rendered":"\n<p>A cidade de Cascavel, refer\u00eancia para o Brasil em muitos segmentos pasou a ser destaque, tamb\u00e9m, no turismo cultural que tem atra\u00eddo visitantes de outras cidades e at\u00e9 mesmo de pa\u00edses vizinhos.<\/p>\n\n\n\n<p>\u201cCascavel tem hoje 10 espa\u00e7os museais, criados a partir da iniciativa do prefeito Paranhos que decidiu revitalizar, ampliar e criar novos espa\u00e7os para museus em Cascavel\u201d, destaca o&nbsp;secret\u00e1rio de Cultura, Luiz Ernesto Pereira.<\/p>\n\n\n\n<p><strong>Os&nbsp;<\/strong><strong>e<\/strong><strong>spa\u00e7os<\/strong><\/p>\n\n\n\n<p>Em Cascavel podem ser visitados o MAC (Museu de Arte de Cascavel), localizado no antigo pr\u00e9dio da Prefeitura, na Rua Mato Grosso, 2909;&nbsp;o Museu Oscar Niemayer, localizado no Complexo Cultural Sefrin Filho, que \u00e9 uma extens\u00e3o do MON de Curitiba;&nbsp;o MAC &nbsp;Sefrin Filho&nbsp;e,&nbsp;ainda,&nbsp;o MAC&nbsp;&#8211; Prefeitura, um espa\u00e7o Cultural no terceiro piso do Pa\u00e7o Municipal. Al\u00e9m destes, h\u00e1 tamb\u00e9m&nbsp;o Museu da Imagem e do Som (MIS) e o Museu Hist\u00f3rico Celso Formighieri Speran\u00e7a, no Centro Cultural Gilberto Mayer &nbsp;e o Museu da Velocidade Jaci Pian, no Teatro Municipal. E, em breve,&nbsp;os amantes da cultura poder\u00e3o visitar tamb\u00e9m o museu a c\u00e9u aberto que est\u00e1 em fase final de implanta\u00e7\u00e3o.<\/p>\n\n\n\n<p>O Museu de Arte de Cascavel, de acordo com o secret\u00e1rio de Cultura, \u00e9 reconhecido como o segundo maior museu de arte do&nbsp;sul do pa\u00eds, um dos mais importantes do Brasil. &nbsp;O espa\u00e7o foi totalmente revitalizado para receber tesouros da arte contempor\u00e2nea,&nbsp;como a exposi\u00e7\u00e3o de cer\u00e2mica latino-americana, que re\u00fane pe\u00e7as de artistas renomados e a exposi\u00e7\u00e3o de pe\u00e7as da indument\u00e1ria ind\u00edgena.<\/p>\n\n\n\n<p>\u201cVisitar o MAC e os demais museus que est\u00e3o vinculados&nbsp;\u00e0&nbsp;gest\u00e3o municipal, \u00e9 uma experi\u00eancia para a vida. Poder conhecer grandes artistas, alguns com trajet\u00f3ria internacional \u00e9 um grande privil\u00e9gio\u201d,&nbsp;destaca o secret\u00e1rio.<\/p>\n\n\n\n<p>Em recente visita \u00e0 Cascavel,&nbsp;t\u00e9cnicos da Confedera\u00e7\u00e3o Nacional dos Munic\u00edpios (CNM) inclu\u00edram&nbsp;Cascavel entre os 20&nbsp;munic\u00edpios Brasileiros com maior potencial cultural. Esta sele\u00e7\u00e3o da&nbsp;CNM coloca Cascavel em condi\u00e7\u00f5es de integra\u00e7\u00e3o com&nbsp;museus da Europa,&nbsp;em evento que deve ocorrer em Portugal ainda este ano.<\/p>\n\n\n\n<p>Para Luiz Ernesto Pereira, \u201ccom este status que a cidade ganhou e a decis\u00e3o do prefeito Paranhos de criar novos espa\u00e7os culturais nossa cidade se equipara aos grandes polos culturais do pa\u00eds\u201d.<\/p>\n\n\n\n<p><strong>Hor\u00e1rio de funcionamento<\/strong><\/p>\n\n\n\n<p>Todos os museus de Cascavel, com exce\u00e7\u00e3o ao Espa\u00e7o Cultural Tito Muffato, no Centro Cultural, s\u00e3o fechados \u00e0s segundas-feiras e o p\u00fablico n\u00e3o paga para acessar os espa\u00e7os. O atendimento ao p\u00fablico acontece nas ter\u00e7as e quintas feiras das 9h30 \u00e0s 18h; Na sexta feira das 9h30 \u00e0s 21h e aos s\u00e1bados e domingos os museus tamb\u00e9m s\u00e3o abertos das 9h \u00e0s 16h. Al\u00e9m disso,&nbsp;todos os domingos,&nbsp;a partir das 10h, os cascavelenses tem \u00e0 disposi\u00e7\u00e3o o \u201cCity Tour\u201d, uma van que leva os visitantes a um passeio gratuito pelos museus da cidade, a partir da Feira do Teatro.<\/p>\n\n\n\n<p>\u201cTemos ainda uma Agenda Cultural bastante ampla que pode ser acessada por toda a popula\u00e7\u00e3o. Por meio dela \u00e9 poss\u00edvel conhecer toda a programa\u00e7\u00e3o Cultural da Secult\u201d, finalizou Luiz Ernesto.<\/p>\n\n\n\n<p>Para conhecer a agenda cultural da Secult \u00e9 os hor\u00e1rios de funcionamento de todos os espa\u00e7os museol\u00f3gicos basta acessar o link:\u00a0<a href=\"https:\/\/linktr.ee\/culturacascavel\">https:\/\/linktr.ee\/culturacascavel<\/a><\/p>\n\n\n\n<figure class=\"wp-block-image size-large\"><img fetchpriority=\"high\" decoding=\"async\" width=\"1024\" height=\"682\" src=\"https:\/\/beritpress.com.br\/wp-content\/uploads\/2022\/11\/03-11-2022-museus-VF-023.jpg\" alt=\"\" class=\"wp-image-1423\" srcset=\"https:\/\/beritpress.com.br\/wp-content\/uploads\/2022\/11\/03-11-2022-museus-VF-023.jpg 1024w, https:\/\/beritpress.com.br\/wp-content\/uploads\/2022\/11\/03-11-2022-museus-VF-023-300x200.jpg 300w, https:\/\/beritpress.com.br\/wp-content\/uploads\/2022\/11\/03-11-2022-museus-VF-023-768x512.jpg 768w\" sizes=\"(max-width: 1024px) 100vw, 1024px\" \/><\/figure>\n\n\n\n<figure class=\"wp-block-image size-large\"><img decoding=\"async\" width=\"1024\" height=\"682\" src=\"https:\/\/beritpress.com.br\/wp-content\/uploads\/2022\/11\/03-11-2022-museus-VF-121.jpg\" alt=\"\" class=\"wp-image-1424\" srcset=\"https:\/\/beritpress.com.br\/wp-content\/uploads\/2022\/11\/03-11-2022-museus-VF-121.jpg 1024w, https:\/\/beritpress.com.br\/wp-content\/uploads\/2022\/11\/03-11-2022-museus-VF-121-300x200.jpg 300w, https:\/\/beritpress.com.br\/wp-content\/uploads\/2022\/11\/03-11-2022-museus-VF-121-768x512.jpg 768w\" sizes=\"(max-width: 1024px) 100vw, 1024px\" \/><\/figure>\n\n\n\n<figure class=\"wp-block-image size-large\"><img decoding=\"async\" width=\"1024\" height=\"682\" src=\"https:\/\/beritpress.com.br\/wp-content\/uploads\/2022\/11\/03-11-2022-museus-VF-102.jpg\" alt=\"\" class=\"wp-image-1425\" srcset=\"https:\/\/beritpress.com.br\/wp-content\/uploads\/2022\/11\/03-11-2022-museus-VF-102.jpg 1024w, https:\/\/beritpress.com.br\/wp-content\/uploads\/2022\/11\/03-11-2022-museus-VF-102-300x200.jpg 300w, https:\/\/beritpress.com.br\/wp-content\/uploads\/2022\/11\/03-11-2022-museus-VF-102-768x512.jpg 768w\" sizes=\"(max-width: 1024px) 100vw, 1024px\" \/><\/figure>\n\n\n\n<p>Fotos: Vanderlei Faria e Manoel Teixeira<\/p>\n\n\n\n<p>Fonte: <a href=\"https:\/\/cascavel.atende.net\/cidadao\/noticia\/potencial-turistico-de-cascavel-ganha-forca-com-espacos-de-museus\">Prefeitura Cascavel.<\/a><\/p>\n","protected":false},"excerpt":{"rendered":"<p>A cidade de Cascavel, refer\u00eancia para o Brasil em muitos segmentos pasou a ser destaque, tamb\u00e9m, no turismo cultural que tem atra\u00eddo visitantes de outras cidades e at\u00e9 mesmo de pa\u00edses vizinhos. \u201cCascavel tem hoje 10 espa\u00e7os museais, criados a partir da iniciativa do prefeito Paranhos que decidiu revitalizar, ampliar e criar novos espa\u00e7os para &hellip; <\/p>\n<p class=\"link-more\"><a href=\"https:\/\/beritpress.com.br\/index.php\/2022\/11\/07\/potencial-turistico-de-cascavel-ganha-forca-com-espacos-de-museus\/\" class=\"more-link\">Continue lendo<span class=\"screen-reader-text\"> &#8220;Potencial tur\u00edstico de Cascavel ganha for\u00e7a com espa\u00e7os de museus&#8221;<\/span><\/a><\/p>\n","protected":false},"author":3,"featured_media":1425,"comment_status":"open","ping_status":"open","sticky":false,"template":"","format":"standard","meta":{"footnotes":""},"categories":[7],"tags":[],"class_list":["post-1421","post","type-post","status-publish","format-standard","has-post-thumbnail","hentry","category-cultura","entry"],"yoast_head":"<!-- This site is optimized with the Yoast SEO plugin v27.5 - https:\/\/yoast.com\/product\/yoast-seo-wordpress\/ -->\n<title>Potencial tur\u00edstico de Cascavel ganha for\u00e7a com espa\u00e7os de museus - Berit Press<\/title>\n<meta name=\"robots\" content=\"index, follow, max-snippet:-1, max-image-preview:large, max-video-preview:-1\" \/>\n<link rel=\"canonical\" href=\"https:\/\/beritpress.com.br\/index.php\/2022\/11\/07\/potencial-turistico-de-cascavel-ganha-forca-com-espacos-de-museus\/\" \/>\n<meta property=\"og:locale\" content=\"pt_BR\" \/>\n<meta property=\"og:type\" content=\"article\" \/>\n<meta property=\"og:title\" content=\"Potencial tur\u00edstico de Cascavel ganha for\u00e7a com espa\u00e7os de museus - Berit Press\" \/>\n<meta property=\"og:description\" content=\"A cidade de Cascavel, refer\u00eancia para o Brasil em muitos segmentos pasou a ser destaque, tamb\u00e9m, no turismo cultural que tem atra\u00eddo visitantes de outras cidades e at\u00e9 mesmo de pa\u00edses vizinhos. \u201cCascavel tem hoje 10 espa\u00e7os museais, criados a partir da iniciativa do prefeito Paranhos que decidiu revitalizar, ampliar e criar novos espa\u00e7os para &hellip; Continue lendo &quot;Potencial tur\u00edstico de Cascavel ganha for\u00e7a com espa\u00e7os de museus&quot;\" \/>\n<meta property=\"og:url\" content=\"https:\/\/beritpress.com.br\/index.php\/2022\/11\/07\/potencial-turistico-de-cascavel-ganha-forca-com-espacos-de-museus\/\" \/>\n<meta property=\"og:site_name\" content=\"Berit Press\" \/>\n<meta property=\"article:publisher\" content=\"https:\/\/www.facebook.com\/beritpress\" \/>\n<meta property=\"article:published_time\" content=\"2022-11-07T13:53:37+00:00\" \/>\n<meta property=\"article:modified_time\" content=\"2022-11-07T13:54:02+00:00\" \/>\n<meta property=\"og:image\" content=\"https:\/\/beritpress.com.br\/wp-content\/uploads\/2022\/11\/03-11-2022-museus-VF-102.jpg\" \/>\n\t<meta property=\"og:image:width\" content=\"1024\" \/>\n\t<meta property=\"og:image:height\" content=\"682\" \/>\n\t<meta property=\"og:image:type\" content=\"image\/jpeg\" \/>\n<meta name=\"author\" content=\"Danielly de Cassia Silva Mantovani\" \/>\n<meta name=\"twitter:card\" content=\"summary_large_image\" \/>\n<meta name=\"twitter:creator\" content=\"@beritpress\" \/>\n<meta name=\"twitter:site\" content=\"@beritpress\" \/>\n<meta name=\"twitter:label1\" content=\"Escrito por\" \/>\n\t<meta name=\"twitter:data1\" content=\"Danielly de Cassia Silva Mantovani\" \/>\n\t<meta name=\"twitter:label2\" content=\"Est. tempo de leitura\" \/>\n\t<meta name=\"twitter:data2\" content=\"3 minutos\" \/>\n<script type=\"application\/ld+json\" class=\"yoast-schema-graph\">{\"@context\":\"https:\\\/\\\/schema.org\",\"@graph\":[{\"@type\":\"Article\",\"@id\":\"https:\\\/\\\/beritpress.com.br\\\/index.php\\\/2022\\\/11\\\/07\\\/potencial-turistico-de-cascavel-ganha-forca-com-espacos-de-museus\\\/#article\",\"isPartOf\":{\"@id\":\"https:\\\/\\\/beritpress.com.br\\\/index.php\\\/2022\\\/11\\\/07\\\/potencial-turistico-de-cascavel-ganha-forca-com-espacos-de-museus\\\/\"},\"author\":{\"name\":\"Danielly de Cassia Silva Mantovani\",\"@id\":\"https:\\\/\\\/beritpress.com.br\\\/#\\\/schema\\\/person\\\/05111a3cc06f383642effb7c9af06f12\"},\"headline\":\"Potencial tur\u00edstico de Cascavel ganha for\u00e7a com espa\u00e7os de museus\",\"datePublished\":\"2022-11-07T13:53:37+00:00\",\"dateModified\":\"2022-11-07T13:54:02+00:00\",\"mainEntityOfPage\":{\"@id\":\"https:\\\/\\\/beritpress.com.br\\\/index.php\\\/2022\\\/11\\\/07\\\/potencial-turistico-de-cascavel-ganha-forca-com-espacos-de-museus\\\/\"},\"wordCount\":624,\"commentCount\":0,\"publisher\":{\"@id\":\"https:\\\/\\\/beritpress.com.br\\\/#organization\"},\"image\":{\"@id\":\"https:\\\/\\\/beritpress.com.br\\\/index.php\\\/2022\\\/11\\\/07\\\/potencial-turistico-de-cascavel-ganha-forca-com-espacos-de-museus\\\/#primaryimage\"},\"thumbnailUrl\":\"https:\\\/\\\/beritpress.com.br\\\/wp-content\\\/uploads\\\/2022\\\/11\\\/03-11-2022-museus-VF-102.jpg\",\"articleSection\":[\"Cultura\"],\"inLanguage\":\"pt-BR\",\"potentialAction\":[{\"@type\":\"CommentAction\",\"name\":\"Comment\",\"target\":[\"https:\\\/\\\/beritpress.com.br\\\/index.php\\\/2022\\\/11\\\/07\\\/potencial-turistico-de-cascavel-ganha-forca-com-espacos-de-museus\\\/#respond\"]}]},{\"@type\":\"WebPage\",\"@id\":\"https:\\\/\\\/beritpress.com.br\\\/index.php\\\/2022\\\/11\\\/07\\\/potencial-turistico-de-cascavel-ganha-forca-com-espacos-de-museus\\\/\",\"url\":\"https:\\\/\\\/beritpress.com.br\\\/index.php\\\/2022\\\/11\\\/07\\\/potencial-turistico-de-cascavel-ganha-forca-com-espacos-de-museus\\\/\",\"name\":\"Potencial tur\u00edstico de Cascavel ganha for\u00e7a com espa\u00e7os de museus - Berit Press\",\"isPartOf\":{\"@id\":\"https:\\\/\\\/beritpress.com.br\\\/#website\"},\"primaryImageOfPage\":{\"@id\":\"https:\\\/\\\/beritpress.com.br\\\/index.php\\\/2022\\\/11\\\/07\\\/potencial-turistico-de-cascavel-ganha-forca-com-espacos-de-museus\\\/#primaryimage\"},\"image\":{\"@id\":\"https:\\\/\\\/beritpress.com.br\\\/index.php\\\/2022\\\/11\\\/07\\\/potencial-turistico-de-cascavel-ganha-forca-com-espacos-de-museus\\\/#primaryimage\"},\"thumbnailUrl\":\"https:\\\/\\\/beritpress.com.br\\\/wp-content\\\/uploads\\\/2022\\\/11\\\/03-11-2022-museus-VF-102.jpg\",\"datePublished\":\"2022-11-07T13:53:37+00:00\",\"dateModified\":\"2022-11-07T13:54:02+00:00\",\"breadcrumb\":{\"@id\":\"https:\\\/\\\/beritpress.com.br\\\/index.php\\\/2022\\\/11\\\/07\\\/potencial-turistico-de-cascavel-ganha-forca-com-espacos-de-museus\\\/#breadcrumb\"},\"inLanguage\":\"pt-BR\",\"potentialAction\":[{\"@type\":\"ReadAction\",\"target\":[\"https:\\\/\\\/beritpress.com.br\\\/index.php\\\/2022\\\/11\\\/07\\\/potencial-turistico-de-cascavel-ganha-forca-com-espacos-de-museus\\\/\"]}]},{\"@type\":\"ImageObject\",\"inLanguage\":\"pt-BR\",\"@id\":\"https:\\\/\\\/beritpress.com.br\\\/index.php\\\/2022\\\/11\\\/07\\\/potencial-turistico-de-cascavel-ganha-forca-com-espacos-de-museus\\\/#primaryimage\",\"url\":\"https:\\\/\\\/beritpress.com.br\\\/wp-content\\\/uploads\\\/2022\\\/11\\\/03-11-2022-museus-VF-102.jpg\",\"contentUrl\":\"https:\\\/\\\/beritpress.com.br\\\/wp-content\\\/uploads\\\/2022\\\/11\\\/03-11-2022-museus-VF-102.jpg\",\"width\":1024,\"height\":682},{\"@type\":\"BreadcrumbList\",\"@id\":\"https:\\\/\\\/beritpress.com.br\\\/index.php\\\/2022\\\/11\\\/07\\\/potencial-turistico-de-cascavel-ganha-forca-com-espacos-de-museus\\\/#breadcrumb\",\"itemListElement\":[{\"@type\":\"ListItem\",\"position\":1,\"name\":\"In\u00edcio\",\"item\":\"https:\\\/\\\/beritpress.com.br\\\/\"},{\"@type\":\"ListItem\",\"position\":2,\"name\":\"Potencial tur\u00edstico de Cascavel ganha for\u00e7a com espa\u00e7os de museus\"}]},{\"@type\":\"WebSite\",\"@id\":\"https:\\\/\\\/beritpress.com.br\\\/#website\",\"url\":\"https:\\\/\\\/beritpress.com.br\\\/\",\"name\":\"Berit Press\",\"description\":\"Ag\u00eancia de Comunica\u00e7\u00e3o\",\"publisher\":{\"@id\":\"https:\\\/\\\/beritpress.com.br\\\/#organization\"},\"potentialAction\":[{\"@type\":\"SearchAction\",\"target\":{\"@type\":\"EntryPoint\",\"urlTemplate\":\"https:\\\/\\\/beritpress.com.br\\\/?s={search_term_string}\"},\"query-input\":{\"@type\":\"PropertyValueSpecification\",\"valueRequired\":true,\"valueName\":\"search_term_string\"}}],\"inLanguage\":\"pt-BR\"},{\"@type\":\"Organization\",\"@id\":\"https:\\\/\\\/beritpress.com.br\\\/#organization\",\"name\":\"Berit Press\",\"url\":\"https:\\\/\\\/beritpress.com.br\\\/\",\"logo\":{\"@type\":\"ImageObject\",\"inLanguage\":\"pt-BR\",\"@id\":\"https:\\\/\\\/beritpress.com.br\\\/#\\\/schema\\\/logo\\\/image\\\/\",\"url\":\"https:\\\/\\\/beritpress.com.br\\\/wp-content\\\/uploads\\\/2021\\\/02\\\/cropped-logo-beritpress.png\",\"contentUrl\":\"https:\\\/\\\/beritpress.com.br\\\/wp-content\\\/uploads\\\/2021\\\/02\\\/cropped-logo-beritpress.png\",\"width\":190,\"height\":190,\"caption\":\"Berit Press\"},\"image\":{\"@id\":\"https:\\\/\\\/beritpress.com.br\\\/#\\\/schema\\\/logo\\\/image\\\/\"},\"sameAs\":[\"https:\\\/\\\/www.facebook.com\\\/beritpress\",\"https:\\\/\\\/x.com\\\/beritpress\",\"https:\\\/\\\/www.instagram.com\\\/agenciaberitpress\\\/\",\"https:\\\/\\\/www.youtube.com\\\/channel\\\/UCcTID5ZCQW5Z1fyKgSgzUWw\"]},{\"@type\":\"Person\",\"@id\":\"https:\\\/\\\/beritpress.com.br\\\/#\\\/schema\\\/person\\\/05111a3cc06f383642effb7c9af06f12\",\"name\":\"Danielly de Cassia Silva Mantovani\",\"image\":{\"@type\":\"ImageObject\",\"inLanguage\":\"pt-BR\",\"@id\":\"https:\\\/\\\/secure.gravatar.com\\\/avatar\\\/4a206220b317f9ad5a926145fb4edbc5915d40f5e857b6f798207decd234b735?s=96&d=mm&r=g\",\"url\":\"https:\\\/\\\/secure.gravatar.com\\\/avatar\\\/4a206220b317f9ad5a926145fb4edbc5915d40f5e857b6f798207decd234b735?s=96&d=mm&r=g\",\"contentUrl\":\"https:\\\/\\\/secure.gravatar.com\\\/avatar\\\/4a206220b317f9ad5a926145fb4edbc5915d40f5e857b6f798207decd234b735?s=96&d=mm&r=g\",\"caption\":\"Danielly de Cassia Silva Mantovani\"},\"url\":\"https:\\\/\\\/beritpress.com.br\\\/index.php\\\/author\\\/danielly\\\/\"}]}<\/script>\n<!-- \/ Yoast SEO plugin. -->","yoast_head_json":{"title":"Potencial tur\u00edstico de Cascavel ganha for\u00e7a com espa\u00e7os de museus - Berit Press","robots":{"index":"index","follow":"follow","max-snippet":"max-snippet:-1","max-image-preview":"max-image-preview:large","max-video-preview":"max-video-preview:-1"},"canonical":"https:\/\/beritpress.com.br\/index.php\/2022\/11\/07\/potencial-turistico-de-cascavel-ganha-forca-com-espacos-de-museus\/","og_locale":"pt_BR","og_type":"article","og_title":"Potencial tur\u00edstico de Cascavel ganha for\u00e7a com espa\u00e7os de museus - Berit Press","og_description":"A cidade de Cascavel, refer\u00eancia para o Brasil em muitos segmentos pasou a ser destaque, tamb\u00e9m, no turismo cultural que tem atra\u00eddo visitantes de outras cidades e at\u00e9 mesmo de pa\u00edses vizinhos. \u201cCascavel tem hoje 10 espa\u00e7os museais, criados a partir da iniciativa do prefeito Paranhos que decidiu revitalizar, ampliar e criar novos espa\u00e7os para &hellip; Continue lendo \"Potencial tur\u00edstico de Cascavel ganha for\u00e7a com espa\u00e7os de museus\"","og_url":"https:\/\/beritpress.com.br\/index.php\/2022\/11\/07\/potencial-turistico-de-cascavel-ganha-forca-com-espacos-de-museus\/","og_site_name":"Berit Press","article_publisher":"https:\/\/www.facebook.com\/beritpress","article_published_time":"2022-11-07T13:53:37+00:00","article_modified_time":"2022-11-07T13:54:02+00:00","og_image":[{"width":1024,"height":682,"url":"https:\/\/beritpress.com.br\/wp-content\/uploads\/2022\/11\/03-11-2022-museus-VF-102.jpg","type":"image\/jpeg"}],"author":"Danielly de Cassia Silva Mantovani","twitter_card":"summary_large_image","twitter_creator":"@beritpress","twitter_site":"@beritpress","twitter_misc":{"Escrito por":"Danielly de Cassia Silva Mantovani","Est. tempo de leitura":"3 minutos"},"schema":{"@context":"https:\/\/schema.org","@graph":[{"@type":"Article","@id":"https:\/\/beritpress.com.br\/index.php\/2022\/11\/07\/potencial-turistico-de-cascavel-ganha-forca-com-espacos-de-museus\/#article","isPartOf":{"@id":"https:\/\/beritpress.com.br\/index.php\/2022\/11\/07\/potencial-turistico-de-cascavel-ganha-forca-com-espacos-de-museus\/"},"author":{"name":"Danielly de Cassia Silva Mantovani","@id":"https:\/\/beritpress.com.br\/#\/schema\/person\/05111a3cc06f383642effb7c9af06f12"},"headline":"Potencial tur\u00edstico de Cascavel ganha for\u00e7a com espa\u00e7os de museus","datePublished":"2022-11-07T13:53:37+00:00","dateModified":"2022-11-07T13:54:02+00:00","mainEntityOfPage":{"@id":"https:\/\/beritpress.com.br\/index.php\/2022\/11\/07\/potencial-turistico-de-cascavel-ganha-forca-com-espacos-de-museus\/"},"wordCount":624,"commentCount":0,"publisher":{"@id":"https:\/\/beritpress.com.br\/#organization"},"image":{"@id":"https:\/\/beritpress.com.br\/index.php\/2022\/11\/07\/potencial-turistico-de-cascavel-ganha-forca-com-espacos-de-museus\/#primaryimage"},"thumbnailUrl":"https:\/\/beritpress.com.br\/wp-content\/uploads\/2022\/11\/03-11-2022-museus-VF-102.jpg","articleSection":["Cultura"],"inLanguage":"pt-BR","potentialAction":[{"@type":"CommentAction","name":"Comment","target":["https:\/\/beritpress.com.br\/index.php\/2022\/11\/07\/potencial-turistico-de-cascavel-ganha-forca-com-espacos-de-museus\/#respond"]}]},{"@type":"WebPage","@id":"https:\/\/beritpress.com.br\/index.php\/2022\/11\/07\/potencial-turistico-de-cascavel-ganha-forca-com-espacos-de-museus\/","url":"https:\/\/beritpress.com.br\/index.php\/2022\/11\/07\/potencial-turistico-de-cascavel-ganha-forca-com-espacos-de-museus\/","name":"Potencial tur\u00edstico de Cascavel ganha for\u00e7a com espa\u00e7os de museus - Berit Press","isPartOf":{"@id":"https:\/\/beritpress.com.br\/#website"},"primaryImageOfPage":{"@id":"https:\/\/beritpress.com.br\/index.php\/2022\/11\/07\/potencial-turistico-de-cascavel-ganha-forca-com-espacos-de-museus\/#primaryimage"},"image":{"@id":"https:\/\/beritpress.com.br\/index.php\/2022\/11\/07\/potencial-turistico-de-cascavel-ganha-forca-com-espacos-de-museus\/#primaryimage"},"thumbnailUrl":"https:\/\/beritpress.com.br\/wp-content\/uploads\/2022\/11\/03-11-2022-museus-VF-102.jpg","datePublished":"2022-11-07T13:53:37+00:00","dateModified":"2022-11-07T13:54:02+00:00","breadcrumb":{"@id":"https:\/\/beritpress.com.br\/index.php\/2022\/11\/07\/potencial-turistico-de-cascavel-ganha-forca-com-espacos-de-museus\/#breadcrumb"},"inLanguage":"pt-BR","potentialAction":[{"@type":"ReadAction","target":["https:\/\/beritpress.com.br\/index.php\/2022\/11\/07\/potencial-turistico-de-cascavel-ganha-forca-com-espacos-de-museus\/"]}]},{"@type":"ImageObject","inLanguage":"pt-BR","@id":"https:\/\/beritpress.com.br\/index.php\/2022\/11\/07\/potencial-turistico-de-cascavel-ganha-forca-com-espacos-de-museus\/#primaryimage","url":"https:\/\/beritpress.com.br\/wp-content\/uploads\/2022\/11\/03-11-2022-museus-VF-102.jpg","contentUrl":"https:\/\/beritpress.com.br\/wp-content\/uploads\/2022\/11\/03-11-2022-museus-VF-102.jpg","width":1024,"height":682},{"@type":"BreadcrumbList","@id":"https:\/\/beritpress.com.br\/index.php\/2022\/11\/07\/potencial-turistico-de-cascavel-ganha-forca-com-espacos-de-museus\/#breadcrumb","itemListElement":[{"@type":"ListItem","position":1,"name":"In\u00edcio","item":"https:\/\/beritpress.com.br\/"},{"@type":"ListItem","position":2,"name":"Potencial tur\u00edstico de Cascavel ganha for\u00e7a com espa\u00e7os de museus"}]},{"@type":"WebSite","@id":"https:\/\/beritpress.com.br\/#website","url":"https:\/\/beritpress.com.br\/","name":"Berit Press","description":"Ag\u00eancia de Comunica\u00e7\u00e3o","publisher":{"@id":"https:\/\/beritpress.com.br\/#organization"},"potentialAction":[{"@type":"SearchAction","target":{"@type":"EntryPoint","urlTemplate":"https:\/\/beritpress.com.br\/?s={search_term_string}"},"query-input":{"@type":"PropertyValueSpecification","valueRequired":true,"valueName":"search_term_string"}}],"inLanguage":"pt-BR"},{"@type":"Organization","@id":"https:\/\/beritpress.com.br\/#organization","name":"Berit Press","url":"https:\/\/beritpress.com.br\/","logo":{"@type":"ImageObject","inLanguage":"pt-BR","@id":"https:\/\/beritpress.com.br\/#\/schema\/logo\/image\/","url":"https:\/\/beritpress.com.br\/wp-content\/uploads\/2021\/02\/cropped-logo-beritpress.png","contentUrl":"https:\/\/beritpress.com.br\/wp-content\/uploads\/2021\/02\/cropped-logo-beritpress.png","width":190,"height":190,"caption":"Berit Press"},"image":{"@id":"https:\/\/beritpress.com.br\/#\/schema\/logo\/image\/"},"sameAs":["https:\/\/www.facebook.com\/beritpress","https:\/\/x.com\/beritpress","https:\/\/www.instagram.com\/agenciaberitpress\/","https:\/\/www.youtube.com\/channel\/UCcTID5ZCQW5Z1fyKgSgzUWw"]},{"@type":"Person","@id":"https:\/\/beritpress.com.br\/#\/schema\/person\/05111a3cc06f383642effb7c9af06f12","name":"Danielly de Cassia Silva Mantovani","image":{"@type":"ImageObject","inLanguage":"pt-BR","@id":"https:\/\/secure.gravatar.com\/avatar\/4a206220b317f9ad5a926145fb4edbc5915d40f5e857b6f798207decd234b735?s=96&d=mm&r=g","url":"https:\/\/secure.gravatar.com\/avatar\/4a206220b317f9ad5a926145fb4edbc5915d40f5e857b6f798207decd234b735?s=96&d=mm&r=g","contentUrl":"https:\/\/secure.gravatar.com\/avatar\/4a206220b317f9ad5a926145fb4edbc5915d40f5e857b6f798207decd234b735?s=96&d=mm&r=g","caption":"Danielly de Cassia Silva Mantovani"},"url":"https:\/\/beritpress.com.br\/index.php\/author\/danielly\/"}]}},"_links":{"self":[{"href":"https:\/\/beritpress.com.br\/index.php\/wp-json\/wp\/v2\/posts\/1421","targetHints":{"allow":["GET"]}}],"collection":[{"href":"https:\/\/beritpress.com.br\/index.php\/wp-json\/wp\/v2\/posts"}],"about":[{"href":"https:\/\/beritpress.com.br\/index.php\/wp-json\/wp\/v2\/types\/post"}],"author":[{"embeddable":true,"href":"https:\/\/beritpress.com.br\/index.php\/wp-json\/wp\/v2\/users\/3"}],"replies":[{"embeddable":true,"href":"https:\/\/beritpress.com.br\/index.php\/wp-json\/wp\/v2\/comments?post=1421"}],"version-history":[{"count":1,"href":"https:\/\/beritpress.com.br\/index.php\/wp-json\/wp\/v2\/posts\/1421\/revisions"}],"predecessor-version":[{"id":1426,"href":"https:\/\/beritpress.com.br\/index.php\/wp-json\/wp\/v2\/posts\/1421\/revisions\/1426"}],"wp:featuredmedia":[{"embeddable":true,"href":"https:\/\/beritpress.com.br\/index.php\/wp-json\/wp\/v2\/media\/1425"}],"wp:attachment":[{"href":"https:\/\/beritpress.com.br\/index.php\/wp-json\/wp\/v2\/media?parent=1421"}],"wp:term":[{"taxonomy":"category","embeddable":true,"href":"https:\/\/beritpress.com.br\/index.php\/wp-json\/wp\/v2\/categories?post=1421"},{"taxonomy":"post_tag","embeddable":true,"href":"https:\/\/beritpress.com.br\/index.php\/wp-json\/wp\/v2\/tags?post=1421"}],"curies":[{"name":"wp","href":"https:\/\/api.w.org\/{rel}","templated":true}]}}