{"id":1446,"date":"2022-11-18T15:29:34","date_gmt":"2022-11-18T18:29:34","guid":{"rendered":"https:\/\/beritpress.com.br\/?p=1446"},"modified":"2022-11-18T15:29:37","modified_gmt":"2022-11-18T18:29:37","slug":"joao-ormond-relembrando-boldrin","status":"publish","type":"post","link":"https:\/\/beritpress.com.br\/index.php\/2022\/11\/18\/joao-ormond-relembrando-boldrin\/","title":{"rendered":"Jo\u00e3o Ormond relembrando Boldrin"},"content":{"rendered":"\n<p>Rolando Boldrin marcou gera\u00e7\u00f5es com sua trajet\u00f3ria no r\u00e1dio, tv, cinema, tornou-se cantor, apresentador, mas se destacava como contador de causos.&nbsp; Muitos foram os artistas que dividiram o palco com Boldrin antes de sua partida, no \u00faltimo dia 09, entre eles Jo\u00e3o Ormond teve a oportunidade de cantar e mostrar a sua arte musical ao lado do \u00eddolo.<\/p>\n\n\n\n<figure class=\"wp-block-gallery columns-1 is-cropped wp-block-gallery-1 is-layout-flex wp-block-gallery-is-layout-flex\"><ul class=\"blocks-gallery-grid\"><li class=\"blocks-gallery-item\"><figure><img fetchpriority=\"high\" decoding=\"async\" width=\"647\" height=\"427\" src=\"https:\/\/beritpress.com.br\/wp-content\/uploads\/2022\/11\/jo-2-1.jpg\" alt=\"\" data-id=\"1448\" data-full-url=\"https:\/\/beritpress.com.br\/wp-content\/uploads\/2022\/11\/jo-2-1.jpg\" data-link=\"https:\/\/beritpress.com.br\/?attachment_id=1448\" class=\"wp-image-1448\" srcset=\"https:\/\/beritpress.com.br\/wp-content\/uploads\/2022\/11\/jo-2-1.jpg 647w, https:\/\/beritpress.com.br\/wp-content\/uploads\/2022\/11\/jo-2-1-300x198.jpg 300w\" sizes=\"(max-width: 647px) 100vw, 647px\" \/><figcaption class=\"blocks-gallery-item__caption\">\u00a0Foto: Pierre Yves Refalo\/Arquivo pessoal.<\/figcaption><\/figure><\/li><\/ul><\/figure>\n\n\n\n<p>Aos 60 anos, Jo\u00e3o Ormond al\u00e9m de pesquisador e historiador, h\u00e1 cerca de 25 anos dedica-se \u00e0 m\u00fasica sendo compositor e conhecido violeiro mato-grossense. Neste tempo de caminhada estar com Rolando Boldrin foi um dos marcos de sua carreira.<\/p>\n\n\n\n<blockquote class=\"wp-block-quote is-layout-flow wp-block-quote-is-layout-flow\"><p>Olha! Nas minhas idas ao programa do Boldrin, uma das coisas que me marcou muito, al\u00e9m do carinho e da recep\u00e7\u00e3o, foi o acolhimento. Sempre que vamos gravar um programa de tv no quilate do Boldrin, \u00e9 tudo ao vivo e sempre de primeira. Como sempre se gravavam dois ou tr\u00eas programas ent\u00e3o\u00a0 fic\u00e1vamos nos camarins, quando chegava a hora pass\u00e1vamos o som e grav\u00e1vamos em seguida.<\/p><p>O que marcou bastante foi o acolhimento dele, na verdade o programa era o quintal da casa dele, ele amava o que fazia. Estar no palco era t\u00e3o sagrado como estar em sua casa, ele nos deixava \u00e0 vontade, primeiro nos passava o briefing e pedia para que fic\u00e1ssemos bem \u00e0 vontade. Era fant\u00e1stico, sempre foi uma troca de energia muito boa com ele no palco.\u00a0<\/p><cite>Jo\u00e3o Ormond.<\/cite><\/blockquote>\n\n\n\n<p>Confira as apresenta\u00e7\u00f5es de Ormond ao lado de Boldrin:<\/p>\n\n\n\n<figure class=\"wp-block-embed is-type-video is-provider-youtube wp-block-embed-youtube wp-embed-aspect-16-9 wp-has-aspect-ratio\"><div class=\"wp-block-embed__wrapper\">\n<iframe title=\"O Circo | Jo\u00e3o Ormond\" width=\"640\" height=\"360\" src=\"https:\/\/www.youtube.com\/embed\/YpWgFpNnKEY?feature=oembed\" frameborder=\"0\" allow=\"accelerometer; autoplay; clipboard-write; encrypted-media; gyroscope; picture-in-picture; web-share\" referrerpolicy=\"strict-origin-when-cross-origin\" allowfullscreen><\/iframe>\n<\/div><\/figure>\n\n\n\n<figure class=\"wp-block-embed is-type-video is-provider-youtube wp-block-embed-youtube wp-embed-aspect-16-9 wp-has-aspect-ratio\"><div class=\"wp-block-embed__wrapper\">\n<iframe title=\"Saudade Faveira | Jo\u00e3o Ormond\" width=\"640\" height=\"360\" src=\"https:\/\/www.youtube.com\/embed\/mHAHGEm5lH4?feature=oembed\" frameborder=\"0\" allow=\"accelerometer; autoplay; clipboard-write; encrypted-media; gyroscope; picture-in-picture; web-share\" referrerpolicy=\"strict-origin-when-cross-origin\" allowfullscreen><\/iframe>\n<\/div><\/figure>\n\n\n\n<figure class=\"wp-block-gallery columns-2 is-cropped wp-block-gallery-2 is-layout-flex wp-block-gallery-is-layout-flex\"><ul class=\"blocks-gallery-grid\"><li class=\"blocks-gallery-item\"><figure><img decoding=\"async\" width=\"580\" height=\"764\" src=\"https:\/\/beritpress.com.br\/wp-content\/uploads\/2022\/11\/jo-3.jpg\" alt=\"\" data-id=\"1449\" data-full-url=\"https:\/\/beritpress.com.br\/wp-content\/uploads\/2022\/11\/jo-3.jpg\" data-link=\"https:\/\/beritpress.com.br\/?attachment_id=1449\" class=\"wp-image-1449\" srcset=\"https:\/\/beritpress.com.br\/wp-content\/uploads\/2022\/11\/jo-3.jpg 580w, https:\/\/beritpress.com.br\/wp-content\/uploads\/2022\/11\/jo-3-228x300.jpg 228w\" sizes=\"(max-width: 580px) 100vw, 580px\" \/><figcaption class=\"blocks-gallery-item__caption\">\u00a0Foto: Pierre Yves Refalo\/Arquivo pessoal.<\/figcaption><\/figure><\/li><li class=\"blocks-gallery-item\"><figure><img decoding=\"async\" width=\"651\" height=\"435\" src=\"https:\/\/beritpress.com.br\/wp-content\/uploads\/2022\/11\/jo-1.jpg\" alt=\"\" data-id=\"1450\" data-full-url=\"https:\/\/beritpress.com.br\/wp-content\/uploads\/2022\/11\/jo-1.jpg\" data-link=\"https:\/\/beritpress.com.br\/?attachment_id=1450\" class=\"wp-image-1450\" srcset=\"https:\/\/beritpress.com.br\/wp-content\/uploads\/2022\/11\/jo-1.jpg 651w, https:\/\/beritpress.com.br\/wp-content\/uploads\/2022\/11\/jo-1-300x200.jpg 300w\" sizes=\"(max-width: 651px) 100vw, 651px\" \/><figcaption class=\"blocks-gallery-item__caption\">\u00a0Foto: Pierre Yves Refalo\/Arquivo pessoal.<\/figcaption><\/figure><\/li><\/ul><\/figure>\n","protected":false},"excerpt":{"rendered":"<p>Rolando Boldrin marcou gera\u00e7\u00f5es com sua trajet\u00f3ria no r\u00e1dio, tv, cinema, tornou-se cantor, apresentador, mas se destacava como contador de causos.&nbsp; Muitos foram os artistas que dividiram o palco com Boldrin antes de sua partida, no \u00faltimo dia 09, entre eles Jo\u00e3o Ormond teve a oportunidade de cantar e mostrar a sua arte musical ao &hellip; <\/p>\n<p class=\"link-more\"><a href=\"https:\/\/beritpress.com.br\/index.php\/2022\/11\/18\/joao-ormond-relembrando-boldrin\/\" class=\"more-link\">Continue lendo<span class=\"screen-reader-text\"> &#8220;Jo\u00e3o Ormond relembrando Boldrin&#8221;<\/span><\/a><\/p>\n","protected":false},"author":3,"featured_media":1447,"comment_status":"open","ping_status":"open","sticky":false,"template":"","format":"standard","meta":{"footnotes":""},"categories":[7],"tags":[],"class_list":["post-1446","post","type-post","status-publish","format-standard","has-post-thumbnail","hentry","category-cultura","entry"],"yoast_head":"<!-- This site is optimized with the Yoast SEO plugin v27.5 - https:\/\/yoast.com\/product\/yoast-seo-wordpress\/ -->\n<title>Jo\u00e3o Ormond relembrando Boldrin - Berit Press<\/title>\n<meta name=\"robots\" content=\"index, follow, max-snippet:-1, max-image-preview:large, max-video-preview:-1\" \/>\n<link rel=\"canonical\" href=\"https:\/\/beritpress.com.br\/index.php\/2022\/11\/18\/joao-ormond-relembrando-boldrin\/\" \/>\n<meta property=\"og:locale\" content=\"pt_BR\" \/>\n<meta property=\"og:type\" content=\"article\" \/>\n<meta property=\"og:title\" content=\"Jo\u00e3o Ormond relembrando Boldrin - Berit Press\" \/>\n<meta property=\"og:description\" content=\"Rolando Boldrin marcou gera\u00e7\u00f5es com sua trajet\u00f3ria no r\u00e1dio, tv, cinema, tornou-se cantor, apresentador, mas se destacava como contador de causos.&nbsp; Muitos foram os artistas que dividiram o palco com Boldrin antes de sua partida, no \u00faltimo dia 09, entre eles Jo\u00e3o Ormond teve a oportunidade de cantar e mostrar a sua arte musical ao &hellip; Continue lendo &quot;Jo\u00e3o Ormond relembrando Boldrin&quot;\" \/>\n<meta property=\"og:url\" content=\"https:\/\/beritpress.com.br\/index.php\/2022\/11\/18\/joao-ormond-relembrando-boldrin\/\" \/>\n<meta property=\"og:site_name\" content=\"Berit Press\" \/>\n<meta property=\"article:publisher\" content=\"https:\/\/www.facebook.com\/beritpress\" \/>\n<meta property=\"article:published_time\" content=\"2022-11-18T18:29:34+00:00\" \/>\n<meta property=\"article:modified_time\" content=\"2022-11-18T18:29:37+00:00\" \/>\n<meta property=\"og:image\" content=\"https:\/\/beritpress.com.br\/wp-content\/uploads\/2022\/11\/jo-2.jpg\" \/>\n\t<meta property=\"og:image:width\" content=\"647\" \/>\n\t<meta property=\"og:image:height\" content=\"427\" \/>\n\t<meta property=\"og:image:type\" content=\"image\/jpeg\" \/>\n<meta name=\"author\" content=\"Danielly de Cassia Silva Mantovani\" \/>\n<meta name=\"twitter:card\" content=\"summary_large_image\" \/>\n<meta name=\"twitter:creator\" content=\"@beritpress\" \/>\n<meta name=\"twitter:site\" content=\"@beritpress\" \/>\n<meta name=\"twitter:label1\" content=\"Escrito por\" \/>\n\t<meta name=\"twitter:data1\" content=\"Danielly de Cassia Silva Mantovani\" \/>\n\t<meta name=\"twitter:label2\" content=\"Est. tempo de leitura\" \/>\n\t<meta name=\"twitter:data2\" content=\"2 minutos\" \/>\n<script type=\"application\/ld+json\" class=\"yoast-schema-graph\">{\"@context\":\"https:\\\/\\\/schema.org\",\"@graph\":[{\"@type\":\"Article\",\"@id\":\"https:\\\/\\\/beritpress.com.br\\\/index.php\\\/2022\\\/11\\\/18\\\/joao-ormond-relembrando-boldrin\\\/#article\",\"isPartOf\":{\"@id\":\"https:\\\/\\\/beritpress.com.br\\\/index.php\\\/2022\\\/11\\\/18\\\/joao-ormond-relembrando-boldrin\\\/\"},\"author\":{\"name\":\"Danielly de Cassia Silva Mantovani\",\"@id\":\"https:\\\/\\\/beritpress.com.br\\\/#\\\/schema\\\/person\\\/05111a3cc06f383642effb7c9af06f12\"},\"headline\":\"Jo\u00e3o Ormond relembrando Boldrin\",\"datePublished\":\"2022-11-18T18:29:34+00:00\",\"dateModified\":\"2022-11-18T18:29:37+00:00\",\"mainEntityOfPage\":{\"@id\":\"https:\\\/\\\/beritpress.com.br\\\/index.php\\\/2022\\\/11\\\/18\\\/joao-ormond-relembrando-boldrin\\\/\"},\"wordCount\":292,\"commentCount\":0,\"publisher\":{\"@id\":\"https:\\\/\\\/beritpress.com.br\\\/#organization\"},\"image\":{\"@id\":\"https:\\\/\\\/beritpress.com.br\\\/index.php\\\/2022\\\/11\\\/18\\\/joao-ormond-relembrando-boldrin\\\/#primaryimage\"},\"thumbnailUrl\":\"https:\\\/\\\/beritpress.com.br\\\/wp-content\\\/uploads\\\/2022\\\/11\\\/jo-2.jpg\",\"articleSection\":[\"Cultura\"],\"inLanguage\":\"pt-BR\",\"potentialAction\":[{\"@type\":\"CommentAction\",\"name\":\"Comment\",\"target\":[\"https:\\\/\\\/beritpress.com.br\\\/index.php\\\/2022\\\/11\\\/18\\\/joao-ormond-relembrando-boldrin\\\/#respond\"]}]},{\"@type\":\"WebPage\",\"@id\":\"https:\\\/\\\/beritpress.com.br\\\/index.php\\\/2022\\\/11\\\/18\\\/joao-ormond-relembrando-boldrin\\\/\",\"url\":\"https:\\\/\\\/beritpress.com.br\\\/index.php\\\/2022\\\/11\\\/18\\\/joao-ormond-relembrando-boldrin\\\/\",\"name\":\"Jo\u00e3o Ormond relembrando Boldrin - Berit Press\",\"isPartOf\":{\"@id\":\"https:\\\/\\\/beritpress.com.br\\\/#website\"},\"primaryImageOfPage\":{\"@id\":\"https:\\\/\\\/beritpress.com.br\\\/index.php\\\/2022\\\/11\\\/18\\\/joao-ormond-relembrando-boldrin\\\/#primaryimage\"},\"image\":{\"@id\":\"https:\\\/\\\/beritpress.com.br\\\/index.php\\\/2022\\\/11\\\/18\\\/joao-ormond-relembrando-boldrin\\\/#primaryimage\"},\"thumbnailUrl\":\"https:\\\/\\\/beritpress.com.br\\\/wp-content\\\/uploads\\\/2022\\\/11\\\/jo-2.jpg\",\"datePublished\":\"2022-11-18T18:29:34+00:00\",\"dateModified\":\"2022-11-18T18:29:37+00:00\",\"breadcrumb\":{\"@id\":\"https:\\\/\\\/beritpress.com.br\\\/index.php\\\/2022\\\/11\\\/18\\\/joao-ormond-relembrando-boldrin\\\/#breadcrumb\"},\"inLanguage\":\"pt-BR\",\"potentialAction\":[{\"@type\":\"ReadAction\",\"target\":[\"https:\\\/\\\/beritpress.com.br\\\/index.php\\\/2022\\\/11\\\/18\\\/joao-ormond-relembrando-boldrin\\\/\"]}]},{\"@type\":\"ImageObject\",\"inLanguage\":\"pt-BR\",\"@id\":\"https:\\\/\\\/beritpress.com.br\\\/index.php\\\/2022\\\/11\\\/18\\\/joao-ormond-relembrando-boldrin\\\/#primaryimage\",\"url\":\"https:\\\/\\\/beritpress.com.br\\\/wp-content\\\/uploads\\\/2022\\\/11\\\/jo-2.jpg\",\"contentUrl\":\"https:\\\/\\\/beritpress.com.br\\\/wp-content\\\/uploads\\\/2022\\\/11\\\/jo-2.jpg\",\"width\":647,\"height\":427},{\"@type\":\"BreadcrumbList\",\"@id\":\"https:\\\/\\\/beritpress.com.br\\\/index.php\\\/2022\\\/11\\\/18\\\/joao-ormond-relembrando-boldrin\\\/#breadcrumb\",\"itemListElement\":[{\"@type\":\"ListItem\",\"position\":1,\"name\":\"In\u00edcio\",\"item\":\"https:\\\/\\\/beritpress.com.br\\\/\"},{\"@type\":\"ListItem\",\"position\":2,\"name\":\"Jo\u00e3o Ormond relembrando Boldrin\"}]},{\"@type\":\"WebSite\",\"@id\":\"https:\\\/\\\/beritpress.com.br\\\/#website\",\"url\":\"https:\\\/\\\/beritpress.com.br\\\/\",\"name\":\"Berit Press\",\"description\":\"Ag\u00eancia de Comunica\u00e7\u00e3o\",\"publisher\":{\"@id\":\"https:\\\/\\\/beritpress.com.br\\\/#organization\"},\"potentialAction\":[{\"@type\":\"SearchAction\",\"target\":{\"@type\":\"EntryPoint\",\"urlTemplate\":\"https:\\\/\\\/beritpress.com.br\\\/?s={search_term_string}\"},\"query-input\":{\"@type\":\"PropertyValueSpecification\",\"valueRequired\":true,\"valueName\":\"search_term_string\"}}],\"inLanguage\":\"pt-BR\"},{\"@type\":\"Organization\",\"@id\":\"https:\\\/\\\/beritpress.com.br\\\/#organization\",\"name\":\"Berit Press\",\"url\":\"https:\\\/\\\/beritpress.com.br\\\/\",\"logo\":{\"@type\":\"ImageObject\",\"inLanguage\":\"pt-BR\",\"@id\":\"https:\\\/\\\/beritpress.com.br\\\/#\\\/schema\\\/logo\\\/image\\\/\",\"url\":\"https:\\\/\\\/beritpress.com.br\\\/wp-content\\\/uploads\\\/2021\\\/02\\\/cropped-logo-beritpress.png\",\"contentUrl\":\"https:\\\/\\\/beritpress.com.br\\\/wp-content\\\/uploads\\\/2021\\\/02\\\/cropped-logo-beritpress.png\",\"width\":190,\"height\":190,\"caption\":\"Berit Press\"},\"image\":{\"@id\":\"https:\\\/\\\/beritpress.com.br\\\/#\\\/schema\\\/logo\\\/image\\\/\"},\"sameAs\":[\"https:\\\/\\\/www.facebook.com\\\/beritpress\",\"https:\\\/\\\/x.com\\\/beritpress\",\"https:\\\/\\\/www.instagram.com\\\/agenciaberitpress\\\/\",\"https:\\\/\\\/www.youtube.com\\\/channel\\\/UCcTID5ZCQW5Z1fyKgSgzUWw\"]},{\"@type\":\"Person\",\"@id\":\"https:\\\/\\\/beritpress.com.br\\\/#\\\/schema\\\/person\\\/05111a3cc06f383642effb7c9af06f12\",\"name\":\"Danielly de Cassia Silva Mantovani\",\"image\":{\"@type\":\"ImageObject\",\"inLanguage\":\"pt-BR\",\"@id\":\"https:\\\/\\\/secure.gravatar.com\\\/avatar\\\/4a206220b317f9ad5a926145fb4edbc5915d40f5e857b6f798207decd234b735?s=96&d=mm&r=g\",\"url\":\"https:\\\/\\\/secure.gravatar.com\\\/avatar\\\/4a206220b317f9ad5a926145fb4edbc5915d40f5e857b6f798207decd234b735?s=96&d=mm&r=g\",\"contentUrl\":\"https:\\\/\\\/secure.gravatar.com\\\/avatar\\\/4a206220b317f9ad5a926145fb4edbc5915d40f5e857b6f798207decd234b735?s=96&d=mm&r=g\",\"caption\":\"Danielly de Cassia Silva Mantovani\"},\"url\":\"https:\\\/\\\/beritpress.com.br\\\/index.php\\\/author\\\/danielly\\\/\"}]}<\/script>\n<!-- \/ Yoast SEO plugin. -->","yoast_head_json":{"title":"Jo\u00e3o Ormond relembrando Boldrin - Berit Press","robots":{"index":"index","follow":"follow","max-snippet":"max-snippet:-1","max-image-preview":"max-image-preview:large","max-video-preview":"max-video-preview:-1"},"canonical":"https:\/\/beritpress.com.br\/index.php\/2022\/11\/18\/joao-ormond-relembrando-boldrin\/","og_locale":"pt_BR","og_type":"article","og_title":"Jo\u00e3o Ormond relembrando Boldrin - Berit Press","og_description":"Rolando Boldrin marcou gera\u00e7\u00f5es com sua trajet\u00f3ria no r\u00e1dio, tv, cinema, tornou-se cantor, apresentador, mas se destacava como contador de causos.&nbsp; Muitos foram os artistas que dividiram o palco com Boldrin antes de sua partida, no \u00faltimo dia 09, entre eles Jo\u00e3o Ormond teve a oportunidade de cantar e mostrar a sua arte musical ao &hellip; Continue lendo \"Jo\u00e3o Ormond relembrando Boldrin\"","og_url":"https:\/\/beritpress.com.br\/index.php\/2022\/11\/18\/joao-ormond-relembrando-boldrin\/","og_site_name":"Berit Press","article_publisher":"https:\/\/www.facebook.com\/beritpress","article_published_time":"2022-11-18T18:29:34+00:00","article_modified_time":"2022-11-18T18:29:37+00:00","og_image":[{"width":647,"height":427,"url":"https:\/\/beritpress.com.br\/wp-content\/uploads\/2022\/11\/jo-2.jpg","type":"image\/jpeg"}],"author":"Danielly de Cassia Silva Mantovani","twitter_card":"summary_large_image","twitter_creator":"@beritpress","twitter_site":"@beritpress","twitter_misc":{"Escrito por":"Danielly de Cassia Silva Mantovani","Est. tempo de leitura":"2 minutos"},"schema":{"@context":"https:\/\/schema.org","@graph":[{"@type":"Article","@id":"https:\/\/beritpress.com.br\/index.php\/2022\/11\/18\/joao-ormond-relembrando-boldrin\/#article","isPartOf":{"@id":"https:\/\/beritpress.com.br\/index.php\/2022\/11\/18\/joao-ormond-relembrando-boldrin\/"},"author":{"name":"Danielly de Cassia Silva Mantovani","@id":"https:\/\/beritpress.com.br\/#\/schema\/person\/05111a3cc06f383642effb7c9af06f12"},"headline":"Jo\u00e3o Ormond relembrando Boldrin","datePublished":"2022-11-18T18:29:34+00:00","dateModified":"2022-11-18T18:29:37+00:00","mainEntityOfPage":{"@id":"https:\/\/beritpress.com.br\/index.php\/2022\/11\/18\/joao-ormond-relembrando-boldrin\/"},"wordCount":292,"commentCount":0,"publisher":{"@id":"https:\/\/beritpress.com.br\/#organization"},"image":{"@id":"https:\/\/beritpress.com.br\/index.php\/2022\/11\/18\/joao-ormond-relembrando-boldrin\/#primaryimage"},"thumbnailUrl":"https:\/\/beritpress.com.br\/wp-content\/uploads\/2022\/11\/jo-2.jpg","articleSection":["Cultura"],"inLanguage":"pt-BR","potentialAction":[{"@type":"CommentAction","name":"Comment","target":["https:\/\/beritpress.com.br\/index.php\/2022\/11\/18\/joao-ormond-relembrando-boldrin\/#respond"]}]},{"@type":"WebPage","@id":"https:\/\/beritpress.com.br\/index.php\/2022\/11\/18\/joao-ormond-relembrando-boldrin\/","url":"https:\/\/beritpress.com.br\/index.php\/2022\/11\/18\/joao-ormond-relembrando-boldrin\/","name":"Jo\u00e3o Ormond relembrando Boldrin - Berit Press","isPartOf":{"@id":"https:\/\/beritpress.com.br\/#website"},"primaryImageOfPage":{"@id":"https:\/\/beritpress.com.br\/index.php\/2022\/11\/18\/joao-ormond-relembrando-boldrin\/#primaryimage"},"image":{"@id":"https:\/\/beritpress.com.br\/index.php\/2022\/11\/18\/joao-ormond-relembrando-boldrin\/#primaryimage"},"thumbnailUrl":"https:\/\/beritpress.com.br\/wp-content\/uploads\/2022\/11\/jo-2.jpg","datePublished":"2022-11-18T18:29:34+00:00","dateModified":"2022-11-18T18:29:37+00:00","breadcrumb":{"@id":"https:\/\/beritpress.com.br\/index.php\/2022\/11\/18\/joao-ormond-relembrando-boldrin\/#breadcrumb"},"inLanguage":"pt-BR","potentialAction":[{"@type":"ReadAction","target":["https:\/\/beritpress.com.br\/index.php\/2022\/11\/18\/joao-ormond-relembrando-boldrin\/"]}]},{"@type":"ImageObject","inLanguage":"pt-BR","@id":"https:\/\/beritpress.com.br\/index.php\/2022\/11\/18\/joao-ormond-relembrando-boldrin\/#primaryimage","url":"https:\/\/beritpress.com.br\/wp-content\/uploads\/2022\/11\/jo-2.jpg","contentUrl":"https:\/\/beritpress.com.br\/wp-content\/uploads\/2022\/11\/jo-2.jpg","width":647,"height":427},{"@type":"BreadcrumbList","@id":"https:\/\/beritpress.com.br\/index.php\/2022\/11\/18\/joao-ormond-relembrando-boldrin\/#breadcrumb","itemListElement":[{"@type":"ListItem","position":1,"name":"In\u00edcio","item":"https:\/\/beritpress.com.br\/"},{"@type":"ListItem","position":2,"name":"Jo\u00e3o Ormond relembrando Boldrin"}]},{"@type":"WebSite","@id":"https:\/\/beritpress.com.br\/#website","url":"https:\/\/beritpress.com.br\/","name":"Berit Press","description":"Ag\u00eancia de Comunica\u00e7\u00e3o","publisher":{"@id":"https:\/\/beritpress.com.br\/#organization"},"potentialAction":[{"@type":"SearchAction","target":{"@type":"EntryPoint","urlTemplate":"https:\/\/beritpress.com.br\/?s={search_term_string}"},"query-input":{"@type":"PropertyValueSpecification","valueRequired":true,"valueName":"search_term_string"}}],"inLanguage":"pt-BR"},{"@type":"Organization","@id":"https:\/\/beritpress.com.br\/#organization","name":"Berit Press","url":"https:\/\/beritpress.com.br\/","logo":{"@type":"ImageObject","inLanguage":"pt-BR","@id":"https:\/\/beritpress.com.br\/#\/schema\/logo\/image\/","url":"https:\/\/beritpress.com.br\/wp-content\/uploads\/2021\/02\/cropped-logo-beritpress.png","contentUrl":"https:\/\/beritpress.com.br\/wp-content\/uploads\/2021\/02\/cropped-logo-beritpress.png","width":190,"height":190,"caption":"Berit Press"},"image":{"@id":"https:\/\/beritpress.com.br\/#\/schema\/logo\/image\/"},"sameAs":["https:\/\/www.facebook.com\/beritpress","https:\/\/x.com\/beritpress","https:\/\/www.instagram.com\/agenciaberitpress\/","https:\/\/www.youtube.com\/channel\/UCcTID5ZCQW5Z1fyKgSgzUWw"]},{"@type":"Person","@id":"https:\/\/beritpress.com.br\/#\/schema\/person\/05111a3cc06f383642effb7c9af06f12","name":"Danielly de Cassia Silva Mantovani","image":{"@type":"ImageObject","inLanguage":"pt-BR","@id":"https:\/\/secure.gravatar.com\/avatar\/4a206220b317f9ad5a926145fb4edbc5915d40f5e857b6f798207decd234b735?s=96&d=mm&r=g","url":"https:\/\/secure.gravatar.com\/avatar\/4a206220b317f9ad5a926145fb4edbc5915d40f5e857b6f798207decd234b735?s=96&d=mm&r=g","contentUrl":"https:\/\/secure.gravatar.com\/avatar\/4a206220b317f9ad5a926145fb4edbc5915d40f5e857b6f798207decd234b735?s=96&d=mm&r=g","caption":"Danielly de Cassia Silva Mantovani"},"url":"https:\/\/beritpress.com.br\/index.php\/author\/danielly\/"}]}},"_links":{"self":[{"href":"https:\/\/beritpress.com.br\/index.php\/wp-json\/wp\/v2\/posts\/1446","targetHints":{"allow":["GET"]}}],"collection":[{"href":"https:\/\/beritpress.com.br\/index.php\/wp-json\/wp\/v2\/posts"}],"about":[{"href":"https:\/\/beritpress.com.br\/index.php\/wp-json\/wp\/v2\/types\/post"}],"author":[{"embeddable":true,"href":"https:\/\/beritpress.com.br\/index.php\/wp-json\/wp\/v2\/users\/3"}],"replies":[{"embeddable":true,"href":"https:\/\/beritpress.com.br\/index.php\/wp-json\/wp\/v2\/comments?post=1446"}],"version-history":[{"count":1,"href":"https:\/\/beritpress.com.br\/index.php\/wp-json\/wp\/v2\/posts\/1446\/revisions"}],"predecessor-version":[{"id":1451,"href":"https:\/\/beritpress.com.br\/index.php\/wp-json\/wp\/v2\/posts\/1446\/revisions\/1451"}],"wp:featuredmedia":[{"embeddable":true,"href":"https:\/\/beritpress.com.br\/index.php\/wp-json\/wp\/v2\/media\/1447"}],"wp:attachment":[{"href":"https:\/\/beritpress.com.br\/index.php\/wp-json\/wp\/v2\/media?parent=1446"}],"wp:term":[{"taxonomy":"category","embeddable":true,"href":"https:\/\/beritpress.com.br\/index.php\/wp-json\/wp\/v2\/categories?post=1446"},{"taxonomy":"post_tag","embeddable":true,"href":"https:\/\/beritpress.com.br\/index.php\/wp-json\/wp\/v2\/tags?post=1446"}],"curies":[{"name":"wp","href":"https:\/\/api.w.org\/{rel}","templated":true}]}}