{"id":1482,"date":"2022-12-05T15:51:40","date_gmt":"2022-12-05T18:51:40","guid":{"rendered":"https:\/\/beritpress.com.br\/?p=1482"},"modified":"2022-12-05T16:16:06","modified_gmt":"2022-12-05T19:16:06","slug":"natal-encantado-do-holhos-prime","status":"publish","type":"post","link":"https:\/\/beritpress.com.br\/index.php\/2022\/12\/05\/natal-encantado-do-holhos-prime\/","title":{"rendered":"Natal encantado do HOlhos Prime"},"content":{"rendered":"\n<p>O hospital oftalmol\u00f3gico HOlhos Prime comemora seu 8\u00b0 ano e ofereceu ao p\u00fablico o espet\u00e1culo \u201cNatal de luz e magia\u201d. Quem foi na apresenta\u00e7\u00e3o em frente ao edif\u00edcio do HOlhos na noite de s\u00e1bado (3) ficou encantado. Houve apresenta\u00e7\u00e3o do coral e orquestra com arranjo do maestro Geferson Fell. no vocal solo Andr\u00e9ia Karen com can\u00e7\u00f5es natalinas, tamb\u00e9m teve a chegada do papai noel seguido de fogos de artif\u00edcio.<\/p>\n\n\n\n<figure class=\"wp-block-image size-large\"><img fetchpriority=\"high\" decoding=\"async\" width=\"1024\" height=\"684\" src=\"https:\/\/beritpress.com.br\/wp-content\/uploads\/2022\/12\/DSC_3898-1024x684.jpg\" alt=\"\" class=\"wp-image-1484\" srcset=\"https:\/\/beritpress.com.br\/wp-content\/uploads\/2022\/12\/DSC_3898-1024x684.jpg 1024w, https:\/\/beritpress.com.br\/wp-content\/uploads\/2022\/12\/DSC_3898-300x200.jpg 300w, https:\/\/beritpress.com.br\/wp-content\/uploads\/2022\/12\/DSC_3898-768x513.jpg 768w, https:\/\/beritpress.com.br\/wp-content\/uploads\/2022\/12\/DSC_3898-1536x1025.jpg 1536w, https:\/\/beritpress.com.br\/wp-content\/uploads\/2022\/12\/DSC_3898-2048x1367.jpg 2048w, https:\/\/beritpress.com.br\/wp-content\/uploads\/2022\/12\/DSC_3898-1568x1047.jpg 1568w\" sizes=\"(max-width: 1024px) 100vw, 1024px\" \/><figcaption>Foto: Cesar Pilatti<\/figcaption><\/figure>\n\n\n\n<figure class=\"wp-block-image size-large\"><img decoding=\"async\" width=\"700\" height=\"800\" src=\"http:\/\/beritpress.com.br\/wp-content\/uploads\/2022\/12\/page.jpg\" alt=\"\" class=\"wp-image-1483\" srcset=\"https:\/\/beritpress.com.br\/wp-content\/uploads\/2022\/12\/page.jpg 700w, https:\/\/beritpress.com.br\/wp-content\/uploads\/2022\/12\/page-263x300.jpg 263w\" sizes=\"(max-width: 700px) 100vw, 700px\" \/><figcaption>Fotos: Cesar Pilatti<\/figcaption><\/figure>\n","protected":false},"excerpt":{"rendered":"<p>O hospital oftalmol\u00f3gico HOlhos Prime comemora seu 8\u00b0 ano e ofereceu ao p\u00fablico o espet\u00e1culo \u201cNatal de luz e magia\u201d. Quem foi na apresenta\u00e7\u00e3o em frente ao edif\u00edcio do HOlhos na noite de s\u00e1bado (3) ficou encantado. Houve apresenta\u00e7\u00e3o do coral e orquestra com arranjo do maestro Geferson Fell. no vocal solo Andr\u00e9ia Karen com &hellip; <\/p>\n<p class=\"link-more\"><a href=\"https:\/\/beritpress.com.br\/index.php\/2022\/12\/05\/natal-encantado-do-holhos-prime\/\" class=\"more-link\">Continue lendo<span class=\"screen-reader-text\"> &#8220;Natal encantado do HOlhos Prime&#8221;<\/span><\/a><\/p>\n","protected":false},"author":3,"featured_media":1485,"comment_status":"open","ping_status":"open","sticky":false,"template":"","format":"standard","meta":{"footnotes":""},"categories":[8],"tags":[],"class_list":["post-1482","post","type-post","status-publish","format-standard","has-post-thumbnail","hentry","category-empreendedorismo","entry"],"yoast_head":"<!-- This site is optimized with the Yoast SEO plugin v27.5 - https:\/\/yoast.com\/product\/yoast-seo-wordpress\/ -->\n<title>Natal encantado do HOlhos Prime - Berit Press<\/title>\n<meta name=\"robots\" content=\"index, follow, max-snippet:-1, max-image-preview:large, max-video-preview:-1\" \/>\n<link rel=\"canonical\" href=\"https:\/\/beritpress.com.br\/index.php\/2022\/12\/05\/natal-encantado-do-holhos-prime\/\" \/>\n<meta property=\"og:locale\" content=\"pt_BR\" \/>\n<meta property=\"og:type\" content=\"article\" \/>\n<meta property=\"og:title\" content=\"Natal encantado do HOlhos Prime - Berit Press\" \/>\n<meta property=\"og:description\" content=\"O hospital oftalmol\u00f3gico HOlhos Prime comemora seu 8\u00b0 ano e ofereceu ao p\u00fablico o espet\u00e1culo \u201cNatal de luz e magia\u201d. Quem foi na apresenta\u00e7\u00e3o em frente ao edif\u00edcio do HOlhos na noite de s\u00e1bado (3) ficou encantado. Houve apresenta\u00e7\u00e3o do coral e orquestra com arranjo do maestro Geferson Fell. no vocal solo Andr\u00e9ia Karen com &hellip; Continue lendo &quot;Natal encantado do HOlhos Prime&quot;\" \/>\n<meta property=\"og:url\" content=\"https:\/\/beritpress.com.br\/index.php\/2022\/12\/05\/natal-encantado-do-holhos-prime\/\" \/>\n<meta property=\"og:site_name\" content=\"Berit Press\" \/>\n<meta property=\"article:publisher\" content=\"https:\/\/www.facebook.com\/beritpress\" \/>\n<meta property=\"article:published_time\" content=\"2022-12-05T18:51:40+00:00\" \/>\n<meta property=\"article:modified_time\" content=\"2022-12-05T19:16:06+00:00\" \/>\n<meta property=\"og:image\" content=\"https:\/\/beritpress.com.br\/wp-content\/uploads\/2022\/12\/DSC_3898-1-scaled.jpg\" \/>\n\t<meta property=\"og:image:width\" content=\"2560\" \/>\n\t<meta property=\"og:image:height\" content=\"1709\" \/>\n\t<meta property=\"og:image:type\" content=\"image\/jpeg\" \/>\n<meta name=\"author\" content=\"Danielly de Cassia Silva Mantovani\" \/>\n<meta name=\"twitter:card\" content=\"summary_large_image\" \/>\n<meta name=\"twitter:creator\" content=\"@beritpress\" \/>\n<meta name=\"twitter:site\" content=\"@beritpress\" \/>\n<meta name=\"twitter:label1\" content=\"Escrito por\" \/>\n\t<meta name=\"twitter:data1\" content=\"Danielly de Cassia Silva Mantovani\" \/>\n\t<meta name=\"twitter:label2\" content=\"Est. tempo de leitura\" \/>\n\t<meta name=\"twitter:data2\" content=\"1 minuto\" \/>\n<script type=\"application\/ld+json\" class=\"yoast-schema-graph\">{\"@context\":\"https:\\\/\\\/schema.org\",\"@graph\":[{\"@type\":\"Article\",\"@id\":\"https:\\\/\\\/beritpress.com.br\\\/index.php\\\/2022\\\/12\\\/05\\\/natal-encantado-do-holhos-prime\\\/#article\",\"isPartOf\":{\"@id\":\"https:\\\/\\\/beritpress.com.br\\\/index.php\\\/2022\\\/12\\\/05\\\/natal-encantado-do-holhos-prime\\\/\"},\"author\":{\"name\":\"Danielly de Cassia Silva Mantovani\",\"@id\":\"https:\\\/\\\/beritpress.com.br\\\/#\\\/schema\\\/person\\\/05111a3cc06f383642effb7c9af06f12\"},\"headline\":\"Natal encantado do HOlhos Prime\",\"datePublished\":\"2022-12-05T18:51:40+00:00\",\"dateModified\":\"2022-12-05T19:16:06+00:00\",\"mainEntityOfPage\":{\"@id\":\"https:\\\/\\\/beritpress.com.br\\\/index.php\\\/2022\\\/12\\\/05\\\/natal-encantado-do-holhos-prime\\\/\"},\"wordCount\":89,\"commentCount\":0,\"publisher\":{\"@id\":\"https:\\\/\\\/beritpress.com.br\\\/#organization\"},\"image\":{\"@id\":\"https:\\\/\\\/beritpress.com.br\\\/index.php\\\/2022\\\/12\\\/05\\\/natal-encantado-do-holhos-prime\\\/#primaryimage\"},\"thumbnailUrl\":\"https:\\\/\\\/beritpress.com.br\\\/wp-content\\\/uploads\\\/2022\\\/12\\\/DSC_3898-1-scaled.jpg\",\"articleSection\":[\"Empreendedorismo\"],\"inLanguage\":\"pt-BR\",\"potentialAction\":[{\"@type\":\"CommentAction\",\"name\":\"Comment\",\"target\":[\"https:\\\/\\\/beritpress.com.br\\\/index.php\\\/2022\\\/12\\\/05\\\/natal-encantado-do-holhos-prime\\\/#respond\"]}]},{\"@type\":\"WebPage\",\"@id\":\"https:\\\/\\\/beritpress.com.br\\\/index.php\\\/2022\\\/12\\\/05\\\/natal-encantado-do-holhos-prime\\\/\",\"url\":\"https:\\\/\\\/beritpress.com.br\\\/index.php\\\/2022\\\/12\\\/05\\\/natal-encantado-do-holhos-prime\\\/\",\"name\":\"Natal encantado do HOlhos Prime - Berit Press\",\"isPartOf\":{\"@id\":\"https:\\\/\\\/beritpress.com.br\\\/#website\"},\"primaryImageOfPage\":{\"@id\":\"https:\\\/\\\/beritpress.com.br\\\/index.php\\\/2022\\\/12\\\/05\\\/natal-encantado-do-holhos-prime\\\/#primaryimage\"},\"image\":{\"@id\":\"https:\\\/\\\/beritpress.com.br\\\/index.php\\\/2022\\\/12\\\/05\\\/natal-encantado-do-holhos-prime\\\/#primaryimage\"},\"thumbnailUrl\":\"https:\\\/\\\/beritpress.com.br\\\/wp-content\\\/uploads\\\/2022\\\/12\\\/DSC_3898-1-scaled.jpg\",\"datePublished\":\"2022-12-05T18:51:40+00:00\",\"dateModified\":\"2022-12-05T19:16:06+00:00\",\"breadcrumb\":{\"@id\":\"https:\\\/\\\/beritpress.com.br\\\/index.php\\\/2022\\\/12\\\/05\\\/natal-encantado-do-holhos-prime\\\/#breadcrumb\"},\"inLanguage\":\"pt-BR\",\"potentialAction\":[{\"@type\":\"ReadAction\",\"target\":[\"https:\\\/\\\/beritpress.com.br\\\/index.php\\\/2022\\\/12\\\/05\\\/natal-encantado-do-holhos-prime\\\/\"]}]},{\"@type\":\"ImageObject\",\"inLanguage\":\"pt-BR\",\"@id\":\"https:\\\/\\\/beritpress.com.br\\\/index.php\\\/2022\\\/12\\\/05\\\/natal-encantado-do-holhos-prime\\\/#primaryimage\",\"url\":\"https:\\\/\\\/beritpress.com.br\\\/wp-content\\\/uploads\\\/2022\\\/12\\\/DSC_3898-1-scaled.jpg\",\"contentUrl\":\"https:\\\/\\\/beritpress.com.br\\\/wp-content\\\/uploads\\\/2022\\\/12\\\/DSC_3898-1-scaled.jpg\",\"width\":2560,\"height\":1709},{\"@type\":\"BreadcrumbList\",\"@id\":\"https:\\\/\\\/beritpress.com.br\\\/index.php\\\/2022\\\/12\\\/05\\\/natal-encantado-do-holhos-prime\\\/#breadcrumb\",\"itemListElement\":[{\"@type\":\"ListItem\",\"position\":1,\"name\":\"In\u00edcio\",\"item\":\"https:\\\/\\\/beritpress.com.br\\\/\"},{\"@type\":\"ListItem\",\"position\":2,\"name\":\"Natal encantado do HOlhos Prime\"}]},{\"@type\":\"WebSite\",\"@id\":\"https:\\\/\\\/beritpress.com.br\\\/#website\",\"url\":\"https:\\\/\\\/beritpress.com.br\\\/\",\"name\":\"Berit Press\",\"description\":\"Ag\u00eancia de Comunica\u00e7\u00e3o\",\"publisher\":{\"@id\":\"https:\\\/\\\/beritpress.com.br\\\/#organization\"},\"potentialAction\":[{\"@type\":\"SearchAction\",\"target\":{\"@type\":\"EntryPoint\",\"urlTemplate\":\"https:\\\/\\\/beritpress.com.br\\\/?s={search_term_string}\"},\"query-input\":{\"@type\":\"PropertyValueSpecification\",\"valueRequired\":true,\"valueName\":\"search_term_string\"}}],\"inLanguage\":\"pt-BR\"},{\"@type\":\"Organization\",\"@id\":\"https:\\\/\\\/beritpress.com.br\\\/#organization\",\"name\":\"Berit Press\",\"url\":\"https:\\\/\\\/beritpress.com.br\\\/\",\"logo\":{\"@type\":\"ImageObject\",\"inLanguage\":\"pt-BR\",\"@id\":\"https:\\\/\\\/beritpress.com.br\\\/#\\\/schema\\\/logo\\\/image\\\/\",\"url\":\"https:\\\/\\\/beritpress.com.br\\\/wp-content\\\/uploads\\\/2021\\\/02\\\/cropped-logo-beritpress.png\",\"contentUrl\":\"https:\\\/\\\/beritpress.com.br\\\/wp-content\\\/uploads\\\/2021\\\/02\\\/cropped-logo-beritpress.png\",\"width\":190,\"height\":190,\"caption\":\"Berit Press\"},\"image\":{\"@id\":\"https:\\\/\\\/beritpress.com.br\\\/#\\\/schema\\\/logo\\\/image\\\/\"},\"sameAs\":[\"https:\\\/\\\/www.facebook.com\\\/beritpress\",\"https:\\\/\\\/x.com\\\/beritpress\",\"https:\\\/\\\/www.instagram.com\\\/agenciaberitpress\\\/\",\"https:\\\/\\\/www.youtube.com\\\/channel\\\/UCcTID5ZCQW5Z1fyKgSgzUWw\"]},{\"@type\":\"Person\",\"@id\":\"https:\\\/\\\/beritpress.com.br\\\/#\\\/schema\\\/person\\\/05111a3cc06f383642effb7c9af06f12\",\"name\":\"Danielly de Cassia Silva Mantovani\",\"image\":{\"@type\":\"ImageObject\",\"inLanguage\":\"pt-BR\",\"@id\":\"https:\\\/\\\/secure.gravatar.com\\\/avatar\\\/4a206220b317f9ad5a926145fb4edbc5915d40f5e857b6f798207decd234b735?s=96&d=mm&r=g\",\"url\":\"https:\\\/\\\/secure.gravatar.com\\\/avatar\\\/4a206220b317f9ad5a926145fb4edbc5915d40f5e857b6f798207decd234b735?s=96&d=mm&r=g\",\"contentUrl\":\"https:\\\/\\\/secure.gravatar.com\\\/avatar\\\/4a206220b317f9ad5a926145fb4edbc5915d40f5e857b6f798207decd234b735?s=96&d=mm&r=g\",\"caption\":\"Danielly de Cassia Silva Mantovani\"},\"url\":\"https:\\\/\\\/beritpress.com.br\\\/index.php\\\/author\\\/danielly\\\/\"}]}<\/script>\n<!-- \/ Yoast SEO plugin. -->","yoast_head_json":{"title":"Natal encantado do HOlhos Prime - Berit Press","robots":{"index":"index","follow":"follow","max-snippet":"max-snippet:-1","max-image-preview":"max-image-preview:large","max-video-preview":"max-video-preview:-1"},"canonical":"https:\/\/beritpress.com.br\/index.php\/2022\/12\/05\/natal-encantado-do-holhos-prime\/","og_locale":"pt_BR","og_type":"article","og_title":"Natal encantado do HOlhos Prime - Berit Press","og_description":"O hospital oftalmol\u00f3gico HOlhos Prime comemora seu 8\u00b0 ano e ofereceu ao p\u00fablico o espet\u00e1culo \u201cNatal de luz e magia\u201d. Quem foi na apresenta\u00e7\u00e3o em frente ao edif\u00edcio do HOlhos na noite de s\u00e1bado (3) ficou encantado. Houve apresenta\u00e7\u00e3o do coral e orquestra com arranjo do maestro Geferson Fell. no vocal solo Andr\u00e9ia Karen com &hellip; Continue lendo \"Natal encantado do HOlhos Prime\"","og_url":"https:\/\/beritpress.com.br\/index.php\/2022\/12\/05\/natal-encantado-do-holhos-prime\/","og_site_name":"Berit Press","article_publisher":"https:\/\/www.facebook.com\/beritpress","article_published_time":"2022-12-05T18:51:40+00:00","article_modified_time":"2022-12-05T19:16:06+00:00","og_image":[{"width":2560,"height":1709,"url":"https:\/\/beritpress.com.br\/wp-content\/uploads\/2022\/12\/DSC_3898-1-scaled.jpg","type":"image\/jpeg"}],"author":"Danielly de Cassia Silva Mantovani","twitter_card":"summary_large_image","twitter_creator":"@beritpress","twitter_site":"@beritpress","twitter_misc":{"Escrito por":"Danielly de Cassia Silva Mantovani","Est. tempo de leitura":"1 minuto"},"schema":{"@context":"https:\/\/schema.org","@graph":[{"@type":"Article","@id":"https:\/\/beritpress.com.br\/index.php\/2022\/12\/05\/natal-encantado-do-holhos-prime\/#article","isPartOf":{"@id":"https:\/\/beritpress.com.br\/index.php\/2022\/12\/05\/natal-encantado-do-holhos-prime\/"},"author":{"name":"Danielly de Cassia Silva Mantovani","@id":"https:\/\/beritpress.com.br\/#\/schema\/person\/05111a3cc06f383642effb7c9af06f12"},"headline":"Natal encantado do HOlhos Prime","datePublished":"2022-12-05T18:51:40+00:00","dateModified":"2022-12-05T19:16:06+00:00","mainEntityOfPage":{"@id":"https:\/\/beritpress.com.br\/index.php\/2022\/12\/05\/natal-encantado-do-holhos-prime\/"},"wordCount":89,"commentCount":0,"publisher":{"@id":"https:\/\/beritpress.com.br\/#organization"},"image":{"@id":"https:\/\/beritpress.com.br\/index.php\/2022\/12\/05\/natal-encantado-do-holhos-prime\/#primaryimage"},"thumbnailUrl":"https:\/\/beritpress.com.br\/wp-content\/uploads\/2022\/12\/DSC_3898-1-scaled.jpg","articleSection":["Empreendedorismo"],"inLanguage":"pt-BR","potentialAction":[{"@type":"CommentAction","name":"Comment","target":["https:\/\/beritpress.com.br\/index.php\/2022\/12\/05\/natal-encantado-do-holhos-prime\/#respond"]}]},{"@type":"WebPage","@id":"https:\/\/beritpress.com.br\/index.php\/2022\/12\/05\/natal-encantado-do-holhos-prime\/","url":"https:\/\/beritpress.com.br\/index.php\/2022\/12\/05\/natal-encantado-do-holhos-prime\/","name":"Natal encantado do HOlhos Prime - Berit Press","isPartOf":{"@id":"https:\/\/beritpress.com.br\/#website"},"primaryImageOfPage":{"@id":"https:\/\/beritpress.com.br\/index.php\/2022\/12\/05\/natal-encantado-do-holhos-prime\/#primaryimage"},"image":{"@id":"https:\/\/beritpress.com.br\/index.php\/2022\/12\/05\/natal-encantado-do-holhos-prime\/#primaryimage"},"thumbnailUrl":"https:\/\/beritpress.com.br\/wp-content\/uploads\/2022\/12\/DSC_3898-1-scaled.jpg","datePublished":"2022-12-05T18:51:40+00:00","dateModified":"2022-12-05T19:16:06+00:00","breadcrumb":{"@id":"https:\/\/beritpress.com.br\/index.php\/2022\/12\/05\/natal-encantado-do-holhos-prime\/#breadcrumb"},"inLanguage":"pt-BR","potentialAction":[{"@type":"ReadAction","target":["https:\/\/beritpress.com.br\/index.php\/2022\/12\/05\/natal-encantado-do-holhos-prime\/"]}]},{"@type":"ImageObject","inLanguage":"pt-BR","@id":"https:\/\/beritpress.com.br\/index.php\/2022\/12\/05\/natal-encantado-do-holhos-prime\/#primaryimage","url":"https:\/\/beritpress.com.br\/wp-content\/uploads\/2022\/12\/DSC_3898-1-scaled.jpg","contentUrl":"https:\/\/beritpress.com.br\/wp-content\/uploads\/2022\/12\/DSC_3898-1-scaled.jpg","width":2560,"height":1709},{"@type":"BreadcrumbList","@id":"https:\/\/beritpress.com.br\/index.php\/2022\/12\/05\/natal-encantado-do-holhos-prime\/#breadcrumb","itemListElement":[{"@type":"ListItem","position":1,"name":"In\u00edcio","item":"https:\/\/beritpress.com.br\/"},{"@type":"ListItem","position":2,"name":"Natal encantado do HOlhos Prime"}]},{"@type":"WebSite","@id":"https:\/\/beritpress.com.br\/#website","url":"https:\/\/beritpress.com.br\/","name":"Berit Press","description":"Ag\u00eancia de Comunica\u00e7\u00e3o","publisher":{"@id":"https:\/\/beritpress.com.br\/#organization"},"potentialAction":[{"@type":"SearchAction","target":{"@type":"EntryPoint","urlTemplate":"https:\/\/beritpress.com.br\/?s={search_term_string}"},"query-input":{"@type":"PropertyValueSpecification","valueRequired":true,"valueName":"search_term_string"}}],"inLanguage":"pt-BR"},{"@type":"Organization","@id":"https:\/\/beritpress.com.br\/#organization","name":"Berit Press","url":"https:\/\/beritpress.com.br\/","logo":{"@type":"ImageObject","inLanguage":"pt-BR","@id":"https:\/\/beritpress.com.br\/#\/schema\/logo\/image\/","url":"https:\/\/beritpress.com.br\/wp-content\/uploads\/2021\/02\/cropped-logo-beritpress.png","contentUrl":"https:\/\/beritpress.com.br\/wp-content\/uploads\/2021\/02\/cropped-logo-beritpress.png","width":190,"height":190,"caption":"Berit Press"},"image":{"@id":"https:\/\/beritpress.com.br\/#\/schema\/logo\/image\/"},"sameAs":["https:\/\/www.facebook.com\/beritpress","https:\/\/x.com\/beritpress","https:\/\/www.instagram.com\/agenciaberitpress\/","https:\/\/www.youtube.com\/channel\/UCcTID5ZCQW5Z1fyKgSgzUWw"]},{"@type":"Person","@id":"https:\/\/beritpress.com.br\/#\/schema\/person\/05111a3cc06f383642effb7c9af06f12","name":"Danielly de Cassia Silva Mantovani","image":{"@type":"ImageObject","inLanguage":"pt-BR","@id":"https:\/\/secure.gravatar.com\/avatar\/4a206220b317f9ad5a926145fb4edbc5915d40f5e857b6f798207decd234b735?s=96&d=mm&r=g","url":"https:\/\/secure.gravatar.com\/avatar\/4a206220b317f9ad5a926145fb4edbc5915d40f5e857b6f798207decd234b735?s=96&d=mm&r=g","contentUrl":"https:\/\/secure.gravatar.com\/avatar\/4a206220b317f9ad5a926145fb4edbc5915d40f5e857b6f798207decd234b735?s=96&d=mm&r=g","caption":"Danielly de Cassia Silva Mantovani"},"url":"https:\/\/beritpress.com.br\/index.php\/author\/danielly\/"}]}},"_links":{"self":[{"href":"https:\/\/beritpress.com.br\/index.php\/wp-json\/wp\/v2\/posts\/1482","targetHints":{"allow":["GET"]}}],"collection":[{"href":"https:\/\/beritpress.com.br\/index.php\/wp-json\/wp\/v2\/posts"}],"about":[{"href":"https:\/\/beritpress.com.br\/index.php\/wp-json\/wp\/v2\/types\/post"}],"author":[{"embeddable":true,"href":"https:\/\/beritpress.com.br\/index.php\/wp-json\/wp\/v2\/users\/3"}],"replies":[{"embeddable":true,"href":"https:\/\/beritpress.com.br\/index.php\/wp-json\/wp\/v2\/comments?post=1482"}],"version-history":[{"count":3,"href":"https:\/\/beritpress.com.br\/index.php\/wp-json\/wp\/v2\/posts\/1482\/revisions"}],"predecessor-version":[{"id":1490,"href":"https:\/\/beritpress.com.br\/index.php\/wp-json\/wp\/v2\/posts\/1482\/revisions\/1490"}],"wp:featuredmedia":[{"embeddable":true,"href":"https:\/\/beritpress.com.br\/index.php\/wp-json\/wp\/v2\/media\/1485"}],"wp:attachment":[{"href":"https:\/\/beritpress.com.br\/index.php\/wp-json\/wp\/v2\/media?parent=1482"}],"wp:term":[{"taxonomy":"category","embeddable":true,"href":"https:\/\/beritpress.com.br\/index.php\/wp-json\/wp\/v2\/categories?post=1482"},{"taxonomy":"post_tag","embeddable":true,"href":"https:\/\/beritpress.com.br\/index.php\/wp-json\/wp\/v2\/tags?post=1482"}],"curies":[{"name":"wp","href":"https:\/\/api.w.org\/{rel}","templated":true}]}}