{"id":1520,"date":"2023-01-25T21:20:15","date_gmt":"2023-01-26T00:20:15","guid":{"rendered":"https:\/\/beritpress.com.br\/?p=1520"},"modified":"2023-01-25T21:20:17","modified_gmt":"2023-01-26T00:20:17","slug":"contribuicao-do-mei-subira-para-r-6510-em-fevereiro","status":"publish","type":"post","link":"https:\/\/beritpress.com.br\/index.php\/2023\/01\/25\/contribuicao-do-mei-subira-para-r-6510-em-fevereiro\/","title":{"rendered":"Contribui\u00e7\u00e3o do MEI subir\u00e1 para R$ 65,10 em fevereiro"},"content":{"rendered":"\n<p><strong><em>Valor segue sal\u00e1rio m\u00ednimo de R$ 1.302, que valer\u00e1 at\u00e9 maio<\/em><\/strong><\/p>\n\n\n\n<figure class=\"wp-block-image size-large\"><img fetchpriority=\"high\" decoding=\"async\" width=\"1024\" height=\"613\" src=\"https:\/\/beritpress.com.br\/wp-content\/uploads\/2023\/01\/real_moedadinheiro_jfcrz_abr_1701220040_1-1024x613.jpg\" alt=\"\" class=\"wp-image-1521\" srcset=\"https:\/\/beritpress.com.br\/wp-content\/uploads\/2023\/01\/real_moedadinheiro_jfcrz_abr_1701220040_1-1024x613.jpg 1024w, https:\/\/beritpress.com.br\/wp-content\/uploads\/2023\/01\/real_moedadinheiro_jfcrz_abr_1701220040_1-300x179.jpg 300w, https:\/\/beritpress.com.br\/wp-content\/uploads\/2023\/01\/real_moedadinheiro_jfcrz_abr_1701220040_1-768x459.jpg 768w, https:\/\/beritpress.com.br\/wp-content\/uploads\/2023\/01\/real_moedadinheiro_jfcrz_abr_1701220040_1.jpg 1170w\" sizes=\"(max-width: 1024px) 100vw, 1024px\" \/><figcaption>Jos\u00e9 Cruz \/ Ag\u00eancia Brasil.<\/figcaption><\/figure>\n\n\n\n<p>A manuten\u00e7\u00e3o do sal\u00e1rio m\u00ednimo em R$ 1.302 pelo menos at\u00e9 maio, anunciada hoje (18) pelo ministro do Trabalho e Emprego, Luiz Marinho, mudar\u00e1 o c\u00e1lculo da contribui\u00e7\u00e3o de microempreendedores individuais (MEI) para a Previd\u00eancia Social. O valor, que subiria para R$ 66 caso vigorasse o&nbsp;<a href=\"https:\/\/agenciabrasil.ebc.com.br\/politica\/noticia\/2022-12\/congresso-aprova-orcamento-com-salario-minimo-de-r1320-para-2023\" target=\"_blank\" rel=\"noreferrer noopener\">sal\u00e1rio m\u00ednimo de R$ 1.320 estipulado pelo Or\u00e7amento<\/a>, agora ficar\u00e1 em R$ 65,10.<img decoding=\"async\" src=\"https:\/\/agenciabrasil.ebc.com.br\/ebc.png?id=1505016&amp;o=node\"><img decoding=\"async\" src=\"https:\/\/agenciabrasil.ebc.com.br\/ebc.gif?id=1505016&amp;o=node\"><\/p>\n\n\n\n<p>O aumento, de 7,43%, segue o reajuste do sal\u00e1rio m\u00ednimo, que passou de R$ 1.212 no ano passado para R$ 1.302 este ano, conforme estipulado por&nbsp;<a href=\"https:\/\/agenciabrasil.ebc.com.br\/economia\/noticia\/2022-12\/salario-minimo-sobe-para-r-1302-em-1o-de-janeiro\" target=\"_blank\" rel=\"noreferrer noopener\">medida provis\u00f3ria editada em dezembro<\/a>&nbsp;pelo governo passado.<\/p>\n\n\n\n<p>O reajuste valer\u00e1 apenas para os boletos com vencimento a partir de 20 de fevereiro. A cota deste m\u00eas, que vence em 20 de janeiro, continuar\u00e1 a ser paga pelo valor antigo, de R$ 60,60.<\/p>\n\n\n\n<p>Para os MEIs caminhoneiros, que contribuem mais para a Previd\u00eancia Social, o valor passar\u00e1 de R$ 145,44 para R$ 156,24. Caso o sal\u00e1rio m\u00ednimo passasse para R$ 1.320, o valor aumentaria para R$ 158,40.<\/p>\n\n\n\n<h2 class=\"wp-block-heading\">Centrais sindicais<\/h2>\n\n\n\n<p>Ap\u00f3s reuni\u00e3o do presidente Luiz In\u00e1cio Lula da Silva com as centrais sindicais, Marinho afirmou que o sal\u00e1rio m\u00ednimo n\u00e3o ser\u00e1 reajustado para R$ 1.320 antes de maio. \u201cHoje \u00e9 R$ 1.302 e, em maio, pode ser que haja altera\u00e7\u00e3o a partir do trabalho que vamos construir [em conjunto com as centrais sindicais]\u201d, declarou o ministro.<\/p>\n\n\n\n<p>Tamb\u00e9m no evento, o presidente Lula indicou que pretende retomar a pol\u00edtica de reajuste que vigorou entre 2011 e 2019, com o sal\u00e1rio m\u00ednimo subindo pela infla\u00e7\u00e3o do ano anterior mais o crescimento do Produto Interno Bruto (PIB, soma dos bens e dos servi\u00e7os produzidos). Ainda n\u00e3o est\u00e1 claro se a varia\u00e7\u00e3o do PIB considerar\u00e1 o crescimento de dois anos antes ou do ano imediatamente anterior.<\/p>\n\n\n\n<h2 class=\"wp-block-heading\">Recolhimento<\/h2>\n\n\n\n<p>Profissionais aut\u00f4nomos com regime tribut\u00e1rio e previdenci\u00e1rio simplificado, os microempreendedores individuais recolhem 5% do sal\u00e1rio m\u00ednimo por m\u00eas para o Instituto Nacional do Seguro Social (INSS). Os MEIs caminhoneiros contribuem com 12% do sal\u00e1rio m\u00ednimo.<\/p>\n\n\n\n<p>O restante da contribui\u00e7\u00e3o mensal varia conforme o ramo de atua\u00e7\u00e3o. Os trabalhadores que exercem atividades ligadas ao com\u00e9rcio e \u00e0 ind\u00fastria pagam R$ 1 a mais referente ao Imposto sobre a Circula\u00e7\u00e3o de Mercadorias e Servi\u00e7os (ICMS), administrado pelo estado onde moram. Os profissionais que executam servi\u00e7os recolhem R$ 5 a mais de Imposto sobre Servi\u00e7os (ISS), administrado pelo munic\u00edpio onde habitam.<\/p>\n\n\n\n<p>Ao contribu\u00edrem para o INSS, os microempreendedores individuais passam a ter direito \u00e0 aposentadoria por idade, aux\u00edlio-doen\u00e7a, sal\u00e1rio-maternidade, aux\u00edlio-reclus\u00e3o e pens\u00e3o por morte. Al\u00e9m disso, a Receita Federal fornece um Cadastro Nacional da Pessoa Jur\u00eddica (CNPJ) aos MEIs, que podem emitir notas fiscais e obter cr\u00e9dito com condi\u00e7\u00f5es especiais.<\/p>\n\n\n\n<p>O boleto mensal do Documento de Arrecada\u00e7\u00e3o Simplificada do MEI (DAS-MEI) pode ser gerado no\u00a0<a href=\"https:\/\/www.gov.br\/empresas-e-negocios\/pt-br\/empreendedor\" target=\"_blank\" rel=\"noreferrer noopener\">Portal do Empreendedor<\/a>. As parcelas vencem no dia 20 de cada m\u00eas.<\/p>\n\n\n\n<p>Fonte texto e imagem: <a href=\"https:\/\/agenciabrasil.ebc.com.br\/economia\/noticia\/2023-01\/contribuicao-do-mei-subira-para-r-6510-em-fevereiro\">Ag\u00eancia Brasil<\/a>.<\/p>\n","protected":false},"excerpt":{"rendered":"<p>Valor segue sal\u00e1rio m\u00ednimo de R$ 1.302, que valer\u00e1 at\u00e9 maio A manuten\u00e7\u00e3o do sal\u00e1rio m\u00ednimo em R$ 1.302 pelo menos at\u00e9 maio, anunciada hoje (18) pelo ministro do Trabalho e Emprego, Luiz Marinho, mudar\u00e1 o c\u00e1lculo da contribui\u00e7\u00e3o de microempreendedores individuais (MEI) para a Previd\u00eancia Social. O valor, que subiria para R$ 66 caso &hellip; <\/p>\n<p class=\"link-more\"><a href=\"https:\/\/beritpress.com.br\/index.php\/2023\/01\/25\/contribuicao-do-mei-subira-para-r-6510-em-fevereiro\/\" class=\"more-link\">Continue lendo<span class=\"screen-reader-text\"> &#8220;Contribui\u00e7\u00e3o do MEI subir\u00e1 para R$ 65,10 em fevereiro&#8221;<\/span><\/a><\/p>\n","protected":false},"author":3,"featured_media":1521,"comment_status":"open","ping_status":"open","sticky":false,"template":"","format":"standard","meta":{"footnotes":""},"categories":[8],"tags":[],"class_list":["post-1520","post","type-post","status-publish","format-standard","has-post-thumbnail","hentry","category-empreendedorismo","entry"],"yoast_head":"<!-- This site is optimized with the Yoast SEO plugin v27.5 - https:\/\/yoast.com\/product\/yoast-seo-wordpress\/ -->\n<title>Contribui\u00e7\u00e3o do MEI subir\u00e1 para R$ 65,10 em fevereiro - Berit Press<\/title>\n<meta name=\"robots\" content=\"index, follow, max-snippet:-1, max-image-preview:large, max-video-preview:-1\" \/>\n<link rel=\"canonical\" href=\"https:\/\/beritpress.com.br\/index.php\/2023\/01\/25\/contribuicao-do-mei-subira-para-r-6510-em-fevereiro\/\" \/>\n<meta property=\"og:locale\" content=\"pt_BR\" \/>\n<meta property=\"og:type\" content=\"article\" \/>\n<meta property=\"og:title\" content=\"Contribui\u00e7\u00e3o do MEI subir\u00e1 para R$ 65,10 em fevereiro - Berit Press\" \/>\n<meta property=\"og:description\" content=\"Valor segue sal\u00e1rio m\u00ednimo de R$ 1.302, que valer\u00e1 at\u00e9 maio A manuten\u00e7\u00e3o do sal\u00e1rio m\u00ednimo em R$ 1.302 pelo menos at\u00e9 maio, anunciada hoje (18) pelo ministro do Trabalho e Emprego, Luiz Marinho, mudar\u00e1 o c\u00e1lculo da contribui\u00e7\u00e3o de microempreendedores individuais (MEI) para a Previd\u00eancia Social. O valor, que subiria para R$ 66 caso &hellip; Continue lendo &quot;Contribui\u00e7\u00e3o do MEI subir\u00e1 para R$ 65,10 em fevereiro&quot;\" \/>\n<meta property=\"og:url\" content=\"https:\/\/beritpress.com.br\/index.php\/2023\/01\/25\/contribuicao-do-mei-subira-para-r-6510-em-fevereiro\/\" \/>\n<meta property=\"og:site_name\" content=\"Berit Press\" \/>\n<meta property=\"article:publisher\" content=\"https:\/\/www.facebook.com\/beritpress\" \/>\n<meta property=\"article:published_time\" content=\"2023-01-26T00:20:15+00:00\" \/>\n<meta property=\"article:modified_time\" content=\"2023-01-26T00:20:17+00:00\" \/>\n<meta property=\"og:image\" content=\"https:\/\/beritpress.com.br\/wp-content\/uploads\/2023\/01\/real_moedadinheiro_jfcrz_abr_1701220040_1.jpg\" \/>\n\t<meta property=\"og:image:width\" content=\"1170\" \/>\n\t<meta property=\"og:image:height\" content=\"700\" \/>\n\t<meta property=\"og:image:type\" content=\"image\/jpeg\" \/>\n<meta name=\"author\" content=\"Danielly de Cassia Silva Mantovani\" \/>\n<meta name=\"twitter:card\" content=\"summary_large_image\" \/>\n<meta name=\"twitter:creator\" content=\"@beritpress\" \/>\n<meta name=\"twitter:site\" content=\"@beritpress\" \/>\n<meta name=\"twitter:label1\" content=\"Escrito por\" \/>\n\t<meta name=\"twitter:data1\" content=\"Danielly de Cassia Silva Mantovani\" \/>\n\t<meta name=\"twitter:label2\" content=\"Est. tempo de leitura\" \/>\n\t<meta name=\"twitter:data2\" content=\"3 minutos\" \/>\n<script type=\"application\/ld+json\" class=\"yoast-schema-graph\">{\"@context\":\"https:\\\/\\\/schema.org\",\"@graph\":[{\"@type\":\"Article\",\"@id\":\"https:\\\/\\\/beritpress.com.br\\\/index.php\\\/2023\\\/01\\\/25\\\/contribuicao-do-mei-subira-para-r-6510-em-fevereiro\\\/#article\",\"isPartOf\":{\"@id\":\"https:\\\/\\\/beritpress.com.br\\\/index.php\\\/2023\\\/01\\\/25\\\/contribuicao-do-mei-subira-para-r-6510-em-fevereiro\\\/\"},\"author\":{\"name\":\"Danielly de Cassia Silva Mantovani\",\"@id\":\"https:\\\/\\\/beritpress.com.br\\\/#\\\/schema\\\/person\\\/05111a3cc06f383642effb7c9af06f12\"},\"headline\":\"Contribui\u00e7\u00e3o do MEI subir\u00e1 para R$ 65,10 em fevereiro\",\"datePublished\":\"2023-01-26T00:20:15+00:00\",\"dateModified\":\"2023-01-26T00:20:17+00:00\",\"mainEntityOfPage\":{\"@id\":\"https:\\\/\\\/beritpress.com.br\\\/index.php\\\/2023\\\/01\\\/25\\\/contribuicao-do-mei-subira-para-r-6510-em-fevereiro\\\/\"},\"wordCount\":531,\"commentCount\":0,\"publisher\":{\"@id\":\"https:\\\/\\\/beritpress.com.br\\\/#organization\"},\"image\":{\"@id\":\"https:\\\/\\\/beritpress.com.br\\\/index.php\\\/2023\\\/01\\\/25\\\/contribuicao-do-mei-subira-para-r-6510-em-fevereiro\\\/#primaryimage\"},\"thumbnailUrl\":\"https:\\\/\\\/beritpress.com.br\\\/wp-content\\\/uploads\\\/2023\\\/01\\\/real_moedadinheiro_jfcrz_abr_1701220040_1.jpg\",\"articleSection\":[\"Empreendedorismo\"],\"inLanguage\":\"pt-BR\",\"potentialAction\":[{\"@type\":\"CommentAction\",\"name\":\"Comment\",\"target\":[\"https:\\\/\\\/beritpress.com.br\\\/index.php\\\/2023\\\/01\\\/25\\\/contribuicao-do-mei-subira-para-r-6510-em-fevereiro\\\/#respond\"]}]},{\"@type\":\"WebPage\",\"@id\":\"https:\\\/\\\/beritpress.com.br\\\/index.php\\\/2023\\\/01\\\/25\\\/contribuicao-do-mei-subira-para-r-6510-em-fevereiro\\\/\",\"url\":\"https:\\\/\\\/beritpress.com.br\\\/index.php\\\/2023\\\/01\\\/25\\\/contribuicao-do-mei-subira-para-r-6510-em-fevereiro\\\/\",\"name\":\"Contribui\u00e7\u00e3o do MEI subir\u00e1 para R$ 65,10 em fevereiro - Berit Press\",\"isPartOf\":{\"@id\":\"https:\\\/\\\/beritpress.com.br\\\/#website\"},\"primaryImageOfPage\":{\"@id\":\"https:\\\/\\\/beritpress.com.br\\\/index.php\\\/2023\\\/01\\\/25\\\/contribuicao-do-mei-subira-para-r-6510-em-fevereiro\\\/#primaryimage\"},\"image\":{\"@id\":\"https:\\\/\\\/beritpress.com.br\\\/index.php\\\/2023\\\/01\\\/25\\\/contribuicao-do-mei-subira-para-r-6510-em-fevereiro\\\/#primaryimage\"},\"thumbnailUrl\":\"https:\\\/\\\/beritpress.com.br\\\/wp-content\\\/uploads\\\/2023\\\/01\\\/real_moedadinheiro_jfcrz_abr_1701220040_1.jpg\",\"datePublished\":\"2023-01-26T00:20:15+00:00\",\"dateModified\":\"2023-01-26T00:20:17+00:00\",\"breadcrumb\":{\"@id\":\"https:\\\/\\\/beritpress.com.br\\\/index.php\\\/2023\\\/01\\\/25\\\/contribuicao-do-mei-subira-para-r-6510-em-fevereiro\\\/#breadcrumb\"},\"inLanguage\":\"pt-BR\",\"potentialAction\":[{\"@type\":\"ReadAction\",\"target\":[\"https:\\\/\\\/beritpress.com.br\\\/index.php\\\/2023\\\/01\\\/25\\\/contribuicao-do-mei-subira-para-r-6510-em-fevereiro\\\/\"]}]},{\"@type\":\"ImageObject\",\"inLanguage\":\"pt-BR\",\"@id\":\"https:\\\/\\\/beritpress.com.br\\\/index.php\\\/2023\\\/01\\\/25\\\/contribuicao-do-mei-subira-para-r-6510-em-fevereiro\\\/#primaryimage\",\"url\":\"https:\\\/\\\/beritpress.com.br\\\/wp-content\\\/uploads\\\/2023\\\/01\\\/real_moedadinheiro_jfcrz_abr_1701220040_1.jpg\",\"contentUrl\":\"https:\\\/\\\/beritpress.com.br\\\/wp-content\\\/uploads\\\/2023\\\/01\\\/real_moedadinheiro_jfcrz_abr_1701220040_1.jpg\",\"width\":1170,\"height\":700,\"caption\":\"Dinheiro, Real Moeda brasileira\"},{\"@type\":\"BreadcrumbList\",\"@id\":\"https:\\\/\\\/beritpress.com.br\\\/index.php\\\/2023\\\/01\\\/25\\\/contribuicao-do-mei-subira-para-r-6510-em-fevereiro\\\/#breadcrumb\",\"itemListElement\":[{\"@type\":\"ListItem\",\"position\":1,\"name\":\"In\u00edcio\",\"item\":\"https:\\\/\\\/beritpress.com.br\\\/\"},{\"@type\":\"ListItem\",\"position\":2,\"name\":\"Contribui\u00e7\u00e3o do MEI subir\u00e1 para R$ 65,10 em fevereiro\"}]},{\"@type\":\"WebSite\",\"@id\":\"https:\\\/\\\/beritpress.com.br\\\/#website\",\"url\":\"https:\\\/\\\/beritpress.com.br\\\/\",\"name\":\"Berit Press\",\"description\":\"Ag\u00eancia de Comunica\u00e7\u00e3o\",\"publisher\":{\"@id\":\"https:\\\/\\\/beritpress.com.br\\\/#organization\"},\"potentialAction\":[{\"@type\":\"SearchAction\",\"target\":{\"@type\":\"EntryPoint\",\"urlTemplate\":\"https:\\\/\\\/beritpress.com.br\\\/?s={search_term_string}\"},\"query-input\":{\"@type\":\"PropertyValueSpecification\",\"valueRequired\":true,\"valueName\":\"search_term_string\"}}],\"inLanguage\":\"pt-BR\"},{\"@type\":\"Organization\",\"@id\":\"https:\\\/\\\/beritpress.com.br\\\/#organization\",\"name\":\"Berit Press\",\"url\":\"https:\\\/\\\/beritpress.com.br\\\/\",\"logo\":{\"@type\":\"ImageObject\",\"inLanguage\":\"pt-BR\",\"@id\":\"https:\\\/\\\/beritpress.com.br\\\/#\\\/schema\\\/logo\\\/image\\\/\",\"url\":\"https:\\\/\\\/beritpress.com.br\\\/wp-content\\\/uploads\\\/2021\\\/02\\\/cropped-logo-beritpress.png\",\"contentUrl\":\"https:\\\/\\\/beritpress.com.br\\\/wp-content\\\/uploads\\\/2021\\\/02\\\/cropped-logo-beritpress.png\",\"width\":190,\"height\":190,\"caption\":\"Berit Press\"},\"image\":{\"@id\":\"https:\\\/\\\/beritpress.com.br\\\/#\\\/schema\\\/logo\\\/image\\\/\"},\"sameAs\":[\"https:\\\/\\\/www.facebook.com\\\/beritpress\",\"https:\\\/\\\/x.com\\\/beritpress\",\"https:\\\/\\\/www.instagram.com\\\/agenciaberitpress\\\/\",\"https:\\\/\\\/www.youtube.com\\\/channel\\\/UCcTID5ZCQW5Z1fyKgSgzUWw\"]},{\"@type\":\"Person\",\"@id\":\"https:\\\/\\\/beritpress.com.br\\\/#\\\/schema\\\/person\\\/05111a3cc06f383642effb7c9af06f12\",\"name\":\"Danielly de Cassia Silva Mantovani\",\"image\":{\"@type\":\"ImageObject\",\"inLanguage\":\"pt-BR\",\"@id\":\"https:\\\/\\\/secure.gravatar.com\\\/avatar\\\/4a206220b317f9ad5a926145fb4edbc5915d40f5e857b6f798207decd234b735?s=96&d=mm&r=g\",\"url\":\"https:\\\/\\\/secure.gravatar.com\\\/avatar\\\/4a206220b317f9ad5a926145fb4edbc5915d40f5e857b6f798207decd234b735?s=96&d=mm&r=g\",\"contentUrl\":\"https:\\\/\\\/secure.gravatar.com\\\/avatar\\\/4a206220b317f9ad5a926145fb4edbc5915d40f5e857b6f798207decd234b735?s=96&d=mm&r=g\",\"caption\":\"Danielly de Cassia Silva Mantovani\"},\"url\":\"https:\\\/\\\/beritpress.com.br\\\/index.php\\\/author\\\/danielly\\\/\"}]}<\/script>\n<!-- \/ Yoast SEO plugin. -->","yoast_head_json":{"title":"Contribui\u00e7\u00e3o do MEI subir\u00e1 para R$ 65,10 em fevereiro - Berit Press","robots":{"index":"index","follow":"follow","max-snippet":"max-snippet:-1","max-image-preview":"max-image-preview:large","max-video-preview":"max-video-preview:-1"},"canonical":"https:\/\/beritpress.com.br\/index.php\/2023\/01\/25\/contribuicao-do-mei-subira-para-r-6510-em-fevereiro\/","og_locale":"pt_BR","og_type":"article","og_title":"Contribui\u00e7\u00e3o do MEI subir\u00e1 para R$ 65,10 em fevereiro - Berit Press","og_description":"Valor segue sal\u00e1rio m\u00ednimo de R$ 1.302, que valer\u00e1 at\u00e9 maio A manuten\u00e7\u00e3o do sal\u00e1rio m\u00ednimo em R$ 1.302 pelo menos at\u00e9 maio, anunciada hoje (18) pelo ministro do Trabalho e Emprego, Luiz Marinho, mudar\u00e1 o c\u00e1lculo da contribui\u00e7\u00e3o de microempreendedores individuais (MEI) para a Previd\u00eancia Social. O valor, que subiria para R$ 66 caso &hellip; Continue lendo \"Contribui\u00e7\u00e3o do MEI subir\u00e1 para R$ 65,10 em fevereiro\"","og_url":"https:\/\/beritpress.com.br\/index.php\/2023\/01\/25\/contribuicao-do-mei-subira-para-r-6510-em-fevereiro\/","og_site_name":"Berit Press","article_publisher":"https:\/\/www.facebook.com\/beritpress","article_published_time":"2023-01-26T00:20:15+00:00","article_modified_time":"2023-01-26T00:20:17+00:00","og_image":[{"width":1170,"height":700,"url":"https:\/\/beritpress.com.br\/wp-content\/uploads\/2023\/01\/real_moedadinheiro_jfcrz_abr_1701220040_1.jpg","type":"image\/jpeg"}],"author":"Danielly de Cassia Silva Mantovani","twitter_card":"summary_large_image","twitter_creator":"@beritpress","twitter_site":"@beritpress","twitter_misc":{"Escrito por":"Danielly de Cassia Silva Mantovani","Est. tempo de leitura":"3 minutos"},"schema":{"@context":"https:\/\/schema.org","@graph":[{"@type":"Article","@id":"https:\/\/beritpress.com.br\/index.php\/2023\/01\/25\/contribuicao-do-mei-subira-para-r-6510-em-fevereiro\/#article","isPartOf":{"@id":"https:\/\/beritpress.com.br\/index.php\/2023\/01\/25\/contribuicao-do-mei-subira-para-r-6510-em-fevereiro\/"},"author":{"name":"Danielly de Cassia Silva Mantovani","@id":"https:\/\/beritpress.com.br\/#\/schema\/person\/05111a3cc06f383642effb7c9af06f12"},"headline":"Contribui\u00e7\u00e3o do MEI subir\u00e1 para R$ 65,10 em fevereiro","datePublished":"2023-01-26T00:20:15+00:00","dateModified":"2023-01-26T00:20:17+00:00","mainEntityOfPage":{"@id":"https:\/\/beritpress.com.br\/index.php\/2023\/01\/25\/contribuicao-do-mei-subira-para-r-6510-em-fevereiro\/"},"wordCount":531,"commentCount":0,"publisher":{"@id":"https:\/\/beritpress.com.br\/#organization"},"image":{"@id":"https:\/\/beritpress.com.br\/index.php\/2023\/01\/25\/contribuicao-do-mei-subira-para-r-6510-em-fevereiro\/#primaryimage"},"thumbnailUrl":"https:\/\/beritpress.com.br\/wp-content\/uploads\/2023\/01\/real_moedadinheiro_jfcrz_abr_1701220040_1.jpg","articleSection":["Empreendedorismo"],"inLanguage":"pt-BR","potentialAction":[{"@type":"CommentAction","name":"Comment","target":["https:\/\/beritpress.com.br\/index.php\/2023\/01\/25\/contribuicao-do-mei-subira-para-r-6510-em-fevereiro\/#respond"]}]},{"@type":"WebPage","@id":"https:\/\/beritpress.com.br\/index.php\/2023\/01\/25\/contribuicao-do-mei-subira-para-r-6510-em-fevereiro\/","url":"https:\/\/beritpress.com.br\/index.php\/2023\/01\/25\/contribuicao-do-mei-subira-para-r-6510-em-fevereiro\/","name":"Contribui\u00e7\u00e3o do MEI subir\u00e1 para R$ 65,10 em fevereiro - Berit Press","isPartOf":{"@id":"https:\/\/beritpress.com.br\/#website"},"primaryImageOfPage":{"@id":"https:\/\/beritpress.com.br\/index.php\/2023\/01\/25\/contribuicao-do-mei-subira-para-r-6510-em-fevereiro\/#primaryimage"},"image":{"@id":"https:\/\/beritpress.com.br\/index.php\/2023\/01\/25\/contribuicao-do-mei-subira-para-r-6510-em-fevereiro\/#primaryimage"},"thumbnailUrl":"https:\/\/beritpress.com.br\/wp-content\/uploads\/2023\/01\/real_moedadinheiro_jfcrz_abr_1701220040_1.jpg","datePublished":"2023-01-26T00:20:15+00:00","dateModified":"2023-01-26T00:20:17+00:00","breadcrumb":{"@id":"https:\/\/beritpress.com.br\/index.php\/2023\/01\/25\/contribuicao-do-mei-subira-para-r-6510-em-fevereiro\/#breadcrumb"},"inLanguage":"pt-BR","potentialAction":[{"@type":"ReadAction","target":["https:\/\/beritpress.com.br\/index.php\/2023\/01\/25\/contribuicao-do-mei-subira-para-r-6510-em-fevereiro\/"]}]},{"@type":"ImageObject","inLanguage":"pt-BR","@id":"https:\/\/beritpress.com.br\/index.php\/2023\/01\/25\/contribuicao-do-mei-subira-para-r-6510-em-fevereiro\/#primaryimage","url":"https:\/\/beritpress.com.br\/wp-content\/uploads\/2023\/01\/real_moedadinheiro_jfcrz_abr_1701220040_1.jpg","contentUrl":"https:\/\/beritpress.com.br\/wp-content\/uploads\/2023\/01\/real_moedadinheiro_jfcrz_abr_1701220040_1.jpg","width":1170,"height":700,"caption":"Dinheiro, Real Moeda brasileira"},{"@type":"BreadcrumbList","@id":"https:\/\/beritpress.com.br\/index.php\/2023\/01\/25\/contribuicao-do-mei-subira-para-r-6510-em-fevereiro\/#breadcrumb","itemListElement":[{"@type":"ListItem","position":1,"name":"In\u00edcio","item":"https:\/\/beritpress.com.br\/"},{"@type":"ListItem","position":2,"name":"Contribui\u00e7\u00e3o do MEI subir\u00e1 para R$ 65,10 em fevereiro"}]},{"@type":"WebSite","@id":"https:\/\/beritpress.com.br\/#website","url":"https:\/\/beritpress.com.br\/","name":"Berit Press","description":"Ag\u00eancia de Comunica\u00e7\u00e3o","publisher":{"@id":"https:\/\/beritpress.com.br\/#organization"},"potentialAction":[{"@type":"SearchAction","target":{"@type":"EntryPoint","urlTemplate":"https:\/\/beritpress.com.br\/?s={search_term_string}"},"query-input":{"@type":"PropertyValueSpecification","valueRequired":true,"valueName":"search_term_string"}}],"inLanguage":"pt-BR"},{"@type":"Organization","@id":"https:\/\/beritpress.com.br\/#organization","name":"Berit Press","url":"https:\/\/beritpress.com.br\/","logo":{"@type":"ImageObject","inLanguage":"pt-BR","@id":"https:\/\/beritpress.com.br\/#\/schema\/logo\/image\/","url":"https:\/\/beritpress.com.br\/wp-content\/uploads\/2021\/02\/cropped-logo-beritpress.png","contentUrl":"https:\/\/beritpress.com.br\/wp-content\/uploads\/2021\/02\/cropped-logo-beritpress.png","width":190,"height":190,"caption":"Berit Press"},"image":{"@id":"https:\/\/beritpress.com.br\/#\/schema\/logo\/image\/"},"sameAs":["https:\/\/www.facebook.com\/beritpress","https:\/\/x.com\/beritpress","https:\/\/www.instagram.com\/agenciaberitpress\/","https:\/\/www.youtube.com\/channel\/UCcTID5ZCQW5Z1fyKgSgzUWw"]},{"@type":"Person","@id":"https:\/\/beritpress.com.br\/#\/schema\/person\/05111a3cc06f383642effb7c9af06f12","name":"Danielly de Cassia Silva Mantovani","image":{"@type":"ImageObject","inLanguage":"pt-BR","@id":"https:\/\/secure.gravatar.com\/avatar\/4a206220b317f9ad5a926145fb4edbc5915d40f5e857b6f798207decd234b735?s=96&d=mm&r=g","url":"https:\/\/secure.gravatar.com\/avatar\/4a206220b317f9ad5a926145fb4edbc5915d40f5e857b6f798207decd234b735?s=96&d=mm&r=g","contentUrl":"https:\/\/secure.gravatar.com\/avatar\/4a206220b317f9ad5a926145fb4edbc5915d40f5e857b6f798207decd234b735?s=96&d=mm&r=g","caption":"Danielly de Cassia Silva Mantovani"},"url":"https:\/\/beritpress.com.br\/index.php\/author\/danielly\/"}]}},"_links":{"self":[{"href":"https:\/\/beritpress.com.br\/index.php\/wp-json\/wp\/v2\/posts\/1520","targetHints":{"allow":["GET"]}}],"collection":[{"href":"https:\/\/beritpress.com.br\/index.php\/wp-json\/wp\/v2\/posts"}],"about":[{"href":"https:\/\/beritpress.com.br\/index.php\/wp-json\/wp\/v2\/types\/post"}],"author":[{"embeddable":true,"href":"https:\/\/beritpress.com.br\/index.php\/wp-json\/wp\/v2\/users\/3"}],"replies":[{"embeddable":true,"href":"https:\/\/beritpress.com.br\/index.php\/wp-json\/wp\/v2\/comments?post=1520"}],"version-history":[{"count":1,"href":"https:\/\/beritpress.com.br\/index.php\/wp-json\/wp\/v2\/posts\/1520\/revisions"}],"predecessor-version":[{"id":1522,"href":"https:\/\/beritpress.com.br\/index.php\/wp-json\/wp\/v2\/posts\/1520\/revisions\/1522"}],"wp:featuredmedia":[{"embeddable":true,"href":"https:\/\/beritpress.com.br\/index.php\/wp-json\/wp\/v2\/media\/1521"}],"wp:attachment":[{"href":"https:\/\/beritpress.com.br\/index.php\/wp-json\/wp\/v2\/media?parent=1520"}],"wp:term":[{"taxonomy":"category","embeddable":true,"href":"https:\/\/beritpress.com.br\/index.php\/wp-json\/wp\/v2\/categories?post=1520"},{"taxonomy":"post_tag","embeddable":true,"href":"https:\/\/beritpress.com.br\/index.php\/wp-json\/wp\/v2\/tags?post=1520"}],"curies":[{"name":"wp","href":"https:\/\/api.w.org\/{rel}","templated":true}]}}