{"id":1523,"date":"2023-01-25T21:25:12","date_gmt":"2023-01-26T00:25:12","guid":{"rendered":"https:\/\/beritpress.com.br\/?p=1523"},"modified":"2023-01-25T21:27:47","modified_gmt":"2023-01-26T00:27:47","slug":"espacos-culturais-de-cascavel-receberam-588-mil-visitantes-em-2022","status":"publish","type":"post","link":"https:\/\/beritpress.com.br\/index.php\/2023\/01\/25\/espacos-culturais-de-cascavel-receberam-588-mil-visitantes-em-2022\/","title":{"rendered":"Espa\u00e7os culturais de Cascavel receberam 588 mil visitantes em 2022"},"content":{"rendered":"\n<figure class=\"wp-block-image size-large\"><img fetchpriority=\"high\" decoding=\"async\" width=\"1024\" height=\"682\" src=\"https:\/\/beritpress.com.br\/wp-content\/uploads\/2023\/01\/16-01-2023-escola-de-governo-SECULT-VF-22-1.jpg\" alt=\"\" class=\"wp-image-1526\" srcset=\"https:\/\/beritpress.com.br\/wp-content\/uploads\/2023\/01\/16-01-2023-escola-de-governo-SECULT-VF-22-1.jpg 1024w, https:\/\/beritpress.com.br\/wp-content\/uploads\/2023\/01\/16-01-2023-escola-de-governo-SECULT-VF-22-1-300x200.jpg 300w, https:\/\/beritpress.com.br\/wp-content\/uploads\/2023\/01\/16-01-2023-escola-de-governo-SECULT-VF-22-1-768x512.jpg 768w\" sizes=\"(max-width: 1024px) 100vw, 1024px\" \/><\/figure>\n\n\n\n<p>Os espa\u00e7os culturais em Cascavel atra\u00edram, no ano passado, 588,4 mil visitantes de diferentes cidades do Paran\u00e1. Os n\u00fameros foram apresentados pelo secret\u00e1rio de Cultura, Luiz Ernesto Meyer Pereira, durante a Escola de Governo realizada na manh\u00e3 desta segunda-feira (16) no audit\u00f3rio da prefeitura.<\/p>\n\n\n\n<p>O crescimento da demanda cultural \u00e9 reflexo dos investimentos feitos pelo Governo Municipal nos \u00faltimos anos. Em 2016, o setor tinha or\u00e7amento de R$ 4,6 milh\u00f5es e, no ano seguinte, com remanejamentos, passou para R$ 6,1 milh\u00f5es e agora, em 2023, ser\u00e3o investidos R$ 12 milh\u00f5es nas atividades culturais.<\/p>\n\n\n\n<p>O prefeito Leonaldo Paranhos destaca a import\u00e2ncia do conhecimento cultural dentro dos mais diferente contextos.<\/p>\n\n\n\n<figure class=\"wp-block-image size-large\"><img decoding=\"async\" width=\"1024\" height=\"682\" src=\"https:\/\/beritpress.com.br\/wp-content\/uploads\/2023\/01\/16-01-2023-escola-de-governo-SECULT-VF-25.jpg\" alt=\"\" class=\"wp-image-1528\" srcset=\"https:\/\/beritpress.com.br\/wp-content\/uploads\/2023\/01\/16-01-2023-escola-de-governo-SECULT-VF-25.jpg 1024w, https:\/\/beritpress.com.br\/wp-content\/uploads\/2023\/01\/16-01-2023-escola-de-governo-SECULT-VF-25-300x200.jpg 300w, https:\/\/beritpress.com.br\/wp-content\/uploads\/2023\/01\/16-01-2023-escola-de-governo-SECULT-VF-25-768x512.jpg 768w\" sizes=\"(max-width: 1024px) 100vw, 1024px\" \/><\/figure>\n\n\n\n<p>\u201cEssa cultura dos nossos artistas, das pessoas que s\u00e3o apaixonadas pelas suas obras, tudo isso \u00e9 importante, por isso n\u00f3s estamos colocando os museus abertos, fazendo com que haja o interesse dos jovens tamb\u00e9m por essa pol\u00edtica p\u00fablica que nos faz mais sens\u00edveis. Quando voc\u00ea conhece a cultura, a import\u00e2ncia dela, a gente transforma a vida das pessoas\u201d, destacou.<\/p>\n\n\n\n<p>A expans\u00e3o cultural dentro de um contexto hist\u00f3rico est\u00e1 no radar da gest\u00e3o municipal por meio da Secretaria de Cultura (Secult). Com a oficializa\u00e7\u00e3o do Aeroporto Regional do Oeste, um dos projetos \u00e9 a implanta\u00e7\u00e3o de um novo museu no terminal aeroportu\u00e1rio. O Museu Regional do Oeste do Paran\u00e1 ir\u00e1 reunir uma obra de arte de cada uma das mais de 50 cidades que comp\u00f5em a Associa\u00e7\u00e3o dos Munic\u00edpios do Oeste do Paran\u00e1 (Amop), como forma de valorizar os munic\u00edpios. Um of\u00edcio ser\u00e1 enviado \u00e0 Amop para que o projeto comece a sair do papel.<\/p>\n\n\n\n<p>Outro projeto que est\u00e1 sendo planejado desde 2019 \u00e9 a implanta\u00e7\u00e3o do Museu Rural de Cascavel. O Munic\u00edpio de Cascavel est\u00e1 buscando junto ao Governo Federal a doa\u00e7\u00e3o da \u00e1rea onde funciona a sede regional do Instituto Nacional de Coloniza\u00e7\u00e3o e Reforma Agr\u00e1ria (Incra), espa\u00e7o que tem todo o hist\u00f3rico das terras em Cascavel. O deputado federal eleito Nelsinho Padovani vai buscar &nbsp;em Bras\u00edlia mecanismos para acelerar o processo de doa\u00e7\u00e3o da \u00e1rea.<\/p>\n\n\n\n<p>\u201cEu quero colocar ali pe\u00e7as importantes, um torrador, um moedor de caf\u00e9, coisas que os nossos filhos n\u00e3o conhecem, um arado antigo e, ao mesmo tempo, uma sala da tecnologia, do avan\u00e7o, daquilo que n\u00f3s temos hoje no agroneg\u00f3cio. Acho que as crian\u00e7as v\u00e3o ficar impactadas, ver como a terra era preparada anos atr\u00e1s, e como \u00e9 que ela \u00e9 preparada hoje, como que era o plantio atrav\u00e9s daquela m\u00e1quina, ent\u00e3o eu acho aquela sede a mais apropriada para isso, inclusive ela conta a hist\u00f3ria das lutas, das mortes, que aconteceram aqui na nossa regi\u00e3o\u201d, destaca o prefeito.<\/p>\n\n\n\n<p><strong>Mais projetos<\/strong><\/p>\n\n\n\n<p>Outros projetos da Secult para os pr\u00f3ximos anos foram apresentados pelo secret\u00e1rio Luiz Ernesto. Entre eles, est\u00e1 a amplia\u00e7\u00e3o e moderniza\u00e7\u00e3o do pr\u00e9dio do Museu de Artes de Cascavel (MAC), o Centro Cultural Igreja do Lago, que ter\u00e1 ainda o Museu do Lago, al\u00e9m de outros investimentos tanto na cidade como nos distritos.<\/p>\n\n\n\n<figure class=\"wp-block-image size-large\"><img decoding=\"async\" width=\"1024\" height=\"682\" src=\"https:\/\/beritpress.com.br\/wp-content\/uploads\/2023\/01\/img_89A26F10E9FA06ADF356F9112816AD142EA8B951.jpeg\" alt=\"\" class=\"wp-image-1529\" srcset=\"https:\/\/beritpress.com.br\/wp-content\/uploads\/2023\/01\/img_89A26F10E9FA06ADF356F9112816AD142EA8B951.jpeg 1024w, https:\/\/beritpress.com.br\/wp-content\/uploads\/2023\/01\/img_89A26F10E9FA06ADF356F9112816AD142EA8B951-300x200.jpeg 300w, https:\/\/beritpress.com.br\/wp-content\/uploads\/2023\/01\/img_89A26F10E9FA06ADF356F9112816AD142EA8B951-768x512.jpeg 768w\" sizes=\"(max-width: 1024px) 100vw, 1024px\" \/><\/figure>\n\n\n\n<p>\u201cA \u00e1rea cultural \u00e9 de extrema relev\u00e2ncia para gerar empregos, impostos, renda, elevar a qualidade de vida das pessoas, contribuir com o turismo cultural e com isso elevar a ocupa\u00e7\u00e3o dos hot\u00e9is e restaurantes, enfim, \u00e9 uma \u00e1rea de extrema relev\u00e2ncia e o prefeito Leonaldo Paranhos tem plena consci\u00eancia disso, por isso vem realizando uma verdadeira revolu\u00e7\u00e3o na \u00e1rea cultural em Cascavel\u201d, destaca o secret\u00e1rio.<\/p>\n\n\n\n<p>Durante o evento, o deputado federal eleito Nelsinho Padovani doou \u00e0 Biblioteca P\u00fablica Municipal Sand\u00e1lio dos Santos um exemplar da Constitui\u00e7\u00e3o Federal em braille, que ele ganhou do senador ga\u00facho Luis Carlos Heinze.<\/p>\n\n\n\n<blockquote class=\"wp-block-quote is-layout-flow wp-block-quote-is-layout-flow\"><p>Tem um ditado que diz que \u2018carinho e conhecimento quem guarda perde\u2019. Ent\u00e3o, seria muito pequeno, da grandiosidade que s\u00e3o os teatros de Cascavel, a Biblioteca Municipal de Cascavel, que tem mais de 40 anos, eu guardar aquele bem que eu recebi de um senador para mim. Fiz hoje essa doa\u00e7\u00e3o para todos, para que Cascavel tenha um exemplar da constitui\u00e7\u00e3o em braile.<\/p><cite>Afirmou o parlamentar.<\/cite><\/blockquote>\n\n\n\n<p>Fonte: <a href=\"https:\/\/cascavel.atende.net\/cidadao\/noticia\/espacos-culturais-de-cascavel-receberam-588-mil-visitantes-em-2022\">Assessoria<\/a>.<\/p>\n","protected":false},"excerpt":{"rendered":"<p>Os espa\u00e7os culturais em Cascavel atra\u00edram, no ano passado, 588,4 mil visitantes de diferentes cidades do Paran\u00e1. Os n\u00fameros foram apresentados pelo secret\u00e1rio de Cultura, Luiz Ernesto Meyer Pereira, durante a Escola de Governo realizada na manh\u00e3 desta segunda-feira (16) no audit\u00f3rio da prefeitura. O crescimento da demanda cultural \u00e9 reflexo dos investimentos feitos pelo &hellip; <\/p>\n<p class=\"link-more\"><a href=\"https:\/\/beritpress.com.br\/index.php\/2023\/01\/25\/espacos-culturais-de-cascavel-receberam-588-mil-visitantes-em-2022\/\" class=\"more-link\">Continue lendo<span class=\"screen-reader-text\"> &#8220;Espa\u00e7os culturais de Cascavel receberam 588 mil visitantes em 2022&#8221;<\/span><\/a><\/p>\n","protected":false},"author":3,"featured_media":1524,"comment_status":"open","ping_status":"open","sticky":false,"template":"","format":"standard","meta":{"footnotes":""},"categories":[7],"tags":[],"class_list":["post-1523","post","type-post","status-publish","format-standard","has-post-thumbnail","hentry","category-cultura","entry"],"yoast_head":"<!-- This site is optimized with the Yoast SEO plugin v27.5 - https:\/\/yoast.com\/product\/yoast-seo-wordpress\/ -->\n<title>Espa\u00e7os culturais de Cascavel receberam 588 mil visitantes em 2022 - Berit Press<\/title>\n<meta name=\"robots\" content=\"index, follow, max-snippet:-1, max-image-preview:large, max-video-preview:-1\" \/>\n<link rel=\"canonical\" href=\"https:\/\/beritpress.com.br\/index.php\/2023\/01\/25\/espacos-culturais-de-cascavel-receberam-588-mil-visitantes-em-2022\/\" \/>\n<meta property=\"og:locale\" content=\"pt_BR\" \/>\n<meta property=\"og:type\" content=\"article\" \/>\n<meta property=\"og:title\" content=\"Espa\u00e7os culturais de Cascavel receberam 588 mil visitantes em 2022 - Berit Press\" \/>\n<meta property=\"og:description\" content=\"Os espa\u00e7os culturais em Cascavel atra\u00edram, no ano passado, 588,4 mil visitantes de diferentes cidades do Paran\u00e1. Os n\u00fameros foram apresentados pelo secret\u00e1rio de Cultura, Luiz Ernesto Meyer Pereira, durante a Escola de Governo realizada na manh\u00e3 desta segunda-feira (16) no audit\u00f3rio da prefeitura. O crescimento da demanda cultural \u00e9 reflexo dos investimentos feitos pelo &hellip; Continue lendo &quot;Espa\u00e7os culturais de Cascavel receberam 588 mil visitantes em 2022&quot;\" \/>\n<meta property=\"og:url\" content=\"https:\/\/beritpress.com.br\/index.php\/2023\/01\/25\/espacos-culturais-de-cascavel-receberam-588-mil-visitantes-em-2022\/\" \/>\n<meta property=\"og:site_name\" content=\"Berit Press\" \/>\n<meta property=\"article:publisher\" content=\"https:\/\/www.facebook.com\/beritpress\" \/>\n<meta property=\"article:published_time\" content=\"2023-01-26T00:25:12+00:00\" \/>\n<meta property=\"article:modified_time\" content=\"2023-01-26T00:27:47+00:00\" \/>\n<meta property=\"og:image\" content=\"https:\/\/beritpress.com.br\/wp-content\/uploads\/2023\/01\/16-01-2023-escola-de-governo-SECULT-VF-22.jpg\" \/>\n\t<meta property=\"og:image:width\" content=\"1024\" \/>\n\t<meta property=\"og:image:height\" content=\"682\" \/>\n\t<meta property=\"og:image:type\" content=\"image\/jpeg\" \/>\n<meta name=\"author\" content=\"Danielly de Cassia Silva Mantovani\" \/>\n<meta name=\"twitter:card\" content=\"summary_large_image\" \/>\n<meta name=\"twitter:creator\" content=\"@beritpress\" \/>\n<meta name=\"twitter:site\" content=\"@beritpress\" \/>\n<meta name=\"twitter:label1\" content=\"Escrito por\" \/>\n\t<meta name=\"twitter:data1\" content=\"Danielly de Cassia Silva Mantovani\" \/>\n\t<meta name=\"twitter:label2\" content=\"Est. tempo de leitura\" \/>\n\t<meta name=\"twitter:data2\" content=\"4 minutos\" \/>\n<script type=\"application\/ld+json\" class=\"yoast-schema-graph\">{\"@context\":\"https:\\\/\\\/schema.org\",\"@graph\":[{\"@type\":\"Article\",\"@id\":\"https:\\\/\\\/beritpress.com.br\\\/index.php\\\/2023\\\/01\\\/25\\\/espacos-culturais-de-cascavel-receberam-588-mil-visitantes-em-2022\\\/#article\",\"isPartOf\":{\"@id\":\"https:\\\/\\\/beritpress.com.br\\\/index.php\\\/2023\\\/01\\\/25\\\/espacos-culturais-de-cascavel-receberam-588-mil-visitantes-em-2022\\\/\"},\"author\":{\"name\":\"Danielly de Cassia Silva Mantovani\",\"@id\":\"https:\\\/\\\/beritpress.com.br\\\/#\\\/schema\\\/person\\\/05111a3cc06f383642effb7c9af06f12\"},\"headline\":\"Espa\u00e7os culturais de Cascavel receberam 588 mil visitantes em 2022\",\"datePublished\":\"2023-01-26T00:25:12+00:00\",\"dateModified\":\"2023-01-26T00:27:47+00:00\",\"mainEntityOfPage\":{\"@id\":\"https:\\\/\\\/beritpress.com.br\\\/index.php\\\/2023\\\/01\\\/25\\\/espacos-culturais-de-cascavel-receberam-588-mil-visitantes-em-2022\\\/\"},\"wordCount\":716,\"commentCount\":0,\"publisher\":{\"@id\":\"https:\\\/\\\/beritpress.com.br\\\/#organization\"},\"image\":{\"@id\":\"https:\\\/\\\/beritpress.com.br\\\/index.php\\\/2023\\\/01\\\/25\\\/espacos-culturais-de-cascavel-receberam-588-mil-visitantes-em-2022\\\/#primaryimage\"},\"thumbnailUrl\":\"https:\\\/\\\/beritpress.com.br\\\/wp-content\\\/uploads\\\/2023\\\/01\\\/16-01-2023-escola-de-governo-SECULT-VF-22.jpg\",\"articleSection\":[\"Cultura\"],\"inLanguage\":\"pt-BR\",\"potentialAction\":[{\"@type\":\"CommentAction\",\"name\":\"Comment\",\"target\":[\"https:\\\/\\\/beritpress.com.br\\\/index.php\\\/2023\\\/01\\\/25\\\/espacos-culturais-de-cascavel-receberam-588-mil-visitantes-em-2022\\\/#respond\"]}]},{\"@type\":\"WebPage\",\"@id\":\"https:\\\/\\\/beritpress.com.br\\\/index.php\\\/2023\\\/01\\\/25\\\/espacos-culturais-de-cascavel-receberam-588-mil-visitantes-em-2022\\\/\",\"url\":\"https:\\\/\\\/beritpress.com.br\\\/index.php\\\/2023\\\/01\\\/25\\\/espacos-culturais-de-cascavel-receberam-588-mil-visitantes-em-2022\\\/\",\"name\":\"Espa\u00e7os culturais de Cascavel receberam 588 mil visitantes em 2022 - Berit Press\",\"isPartOf\":{\"@id\":\"https:\\\/\\\/beritpress.com.br\\\/#website\"},\"primaryImageOfPage\":{\"@id\":\"https:\\\/\\\/beritpress.com.br\\\/index.php\\\/2023\\\/01\\\/25\\\/espacos-culturais-de-cascavel-receberam-588-mil-visitantes-em-2022\\\/#primaryimage\"},\"image\":{\"@id\":\"https:\\\/\\\/beritpress.com.br\\\/index.php\\\/2023\\\/01\\\/25\\\/espacos-culturais-de-cascavel-receberam-588-mil-visitantes-em-2022\\\/#primaryimage\"},\"thumbnailUrl\":\"https:\\\/\\\/beritpress.com.br\\\/wp-content\\\/uploads\\\/2023\\\/01\\\/16-01-2023-escola-de-governo-SECULT-VF-22.jpg\",\"datePublished\":\"2023-01-26T00:25:12+00:00\",\"dateModified\":\"2023-01-26T00:27:47+00:00\",\"breadcrumb\":{\"@id\":\"https:\\\/\\\/beritpress.com.br\\\/index.php\\\/2023\\\/01\\\/25\\\/espacos-culturais-de-cascavel-receberam-588-mil-visitantes-em-2022\\\/#breadcrumb\"},\"inLanguage\":\"pt-BR\",\"potentialAction\":[{\"@type\":\"ReadAction\",\"target\":[\"https:\\\/\\\/beritpress.com.br\\\/index.php\\\/2023\\\/01\\\/25\\\/espacos-culturais-de-cascavel-receberam-588-mil-visitantes-em-2022\\\/\"]}]},{\"@type\":\"ImageObject\",\"inLanguage\":\"pt-BR\",\"@id\":\"https:\\\/\\\/beritpress.com.br\\\/index.php\\\/2023\\\/01\\\/25\\\/espacos-culturais-de-cascavel-receberam-588-mil-visitantes-em-2022\\\/#primaryimage\",\"url\":\"https:\\\/\\\/beritpress.com.br\\\/wp-content\\\/uploads\\\/2023\\\/01\\\/16-01-2023-escola-de-governo-SECULT-VF-22.jpg\",\"contentUrl\":\"https:\\\/\\\/beritpress.com.br\\\/wp-content\\\/uploads\\\/2023\\\/01\\\/16-01-2023-escola-de-governo-SECULT-VF-22.jpg\",\"width\":1024,\"height\":682},{\"@type\":\"BreadcrumbList\",\"@id\":\"https:\\\/\\\/beritpress.com.br\\\/index.php\\\/2023\\\/01\\\/25\\\/espacos-culturais-de-cascavel-receberam-588-mil-visitantes-em-2022\\\/#breadcrumb\",\"itemListElement\":[{\"@type\":\"ListItem\",\"position\":1,\"name\":\"In\u00edcio\",\"item\":\"https:\\\/\\\/beritpress.com.br\\\/\"},{\"@type\":\"ListItem\",\"position\":2,\"name\":\"Espa\u00e7os culturais de Cascavel receberam 588 mil visitantes em 2022\"}]},{\"@type\":\"WebSite\",\"@id\":\"https:\\\/\\\/beritpress.com.br\\\/#website\",\"url\":\"https:\\\/\\\/beritpress.com.br\\\/\",\"name\":\"Berit Press\",\"description\":\"Ag\u00eancia de Comunica\u00e7\u00e3o\",\"publisher\":{\"@id\":\"https:\\\/\\\/beritpress.com.br\\\/#organization\"},\"potentialAction\":[{\"@type\":\"SearchAction\",\"target\":{\"@type\":\"EntryPoint\",\"urlTemplate\":\"https:\\\/\\\/beritpress.com.br\\\/?s={search_term_string}\"},\"query-input\":{\"@type\":\"PropertyValueSpecification\",\"valueRequired\":true,\"valueName\":\"search_term_string\"}}],\"inLanguage\":\"pt-BR\"},{\"@type\":\"Organization\",\"@id\":\"https:\\\/\\\/beritpress.com.br\\\/#organization\",\"name\":\"Berit Press\",\"url\":\"https:\\\/\\\/beritpress.com.br\\\/\",\"logo\":{\"@type\":\"ImageObject\",\"inLanguage\":\"pt-BR\",\"@id\":\"https:\\\/\\\/beritpress.com.br\\\/#\\\/schema\\\/logo\\\/image\\\/\",\"url\":\"https:\\\/\\\/beritpress.com.br\\\/wp-content\\\/uploads\\\/2021\\\/02\\\/cropped-logo-beritpress.png\",\"contentUrl\":\"https:\\\/\\\/beritpress.com.br\\\/wp-content\\\/uploads\\\/2021\\\/02\\\/cropped-logo-beritpress.png\",\"width\":190,\"height\":190,\"caption\":\"Berit Press\"},\"image\":{\"@id\":\"https:\\\/\\\/beritpress.com.br\\\/#\\\/schema\\\/logo\\\/image\\\/\"},\"sameAs\":[\"https:\\\/\\\/www.facebook.com\\\/beritpress\",\"https:\\\/\\\/x.com\\\/beritpress\",\"https:\\\/\\\/www.instagram.com\\\/agenciaberitpress\\\/\",\"https:\\\/\\\/www.youtube.com\\\/channel\\\/UCcTID5ZCQW5Z1fyKgSgzUWw\"]},{\"@type\":\"Person\",\"@id\":\"https:\\\/\\\/beritpress.com.br\\\/#\\\/schema\\\/person\\\/05111a3cc06f383642effb7c9af06f12\",\"name\":\"Danielly de Cassia Silva Mantovani\",\"image\":{\"@type\":\"ImageObject\",\"inLanguage\":\"pt-BR\",\"@id\":\"https:\\\/\\\/secure.gravatar.com\\\/avatar\\\/4a206220b317f9ad5a926145fb4edbc5915d40f5e857b6f798207decd234b735?s=96&d=mm&r=g\",\"url\":\"https:\\\/\\\/secure.gravatar.com\\\/avatar\\\/4a206220b317f9ad5a926145fb4edbc5915d40f5e857b6f798207decd234b735?s=96&d=mm&r=g\",\"contentUrl\":\"https:\\\/\\\/secure.gravatar.com\\\/avatar\\\/4a206220b317f9ad5a926145fb4edbc5915d40f5e857b6f798207decd234b735?s=96&d=mm&r=g\",\"caption\":\"Danielly de Cassia Silva Mantovani\"},\"url\":\"https:\\\/\\\/beritpress.com.br\\\/index.php\\\/author\\\/danielly\\\/\"}]}<\/script>\n<!-- \/ Yoast SEO plugin. -->","yoast_head_json":{"title":"Espa\u00e7os culturais de Cascavel receberam 588 mil visitantes em 2022 - Berit Press","robots":{"index":"index","follow":"follow","max-snippet":"max-snippet:-1","max-image-preview":"max-image-preview:large","max-video-preview":"max-video-preview:-1"},"canonical":"https:\/\/beritpress.com.br\/index.php\/2023\/01\/25\/espacos-culturais-de-cascavel-receberam-588-mil-visitantes-em-2022\/","og_locale":"pt_BR","og_type":"article","og_title":"Espa\u00e7os culturais de Cascavel receberam 588 mil visitantes em 2022 - Berit Press","og_description":"Os espa\u00e7os culturais em Cascavel atra\u00edram, no ano passado, 588,4 mil visitantes de diferentes cidades do Paran\u00e1. Os n\u00fameros foram apresentados pelo secret\u00e1rio de Cultura, Luiz Ernesto Meyer Pereira, durante a Escola de Governo realizada na manh\u00e3 desta segunda-feira (16) no audit\u00f3rio da prefeitura. O crescimento da demanda cultural \u00e9 reflexo dos investimentos feitos pelo &hellip; Continue lendo \"Espa\u00e7os culturais de Cascavel receberam 588 mil visitantes em 2022\"","og_url":"https:\/\/beritpress.com.br\/index.php\/2023\/01\/25\/espacos-culturais-de-cascavel-receberam-588-mil-visitantes-em-2022\/","og_site_name":"Berit Press","article_publisher":"https:\/\/www.facebook.com\/beritpress","article_published_time":"2023-01-26T00:25:12+00:00","article_modified_time":"2023-01-26T00:27:47+00:00","og_image":[{"width":1024,"height":682,"url":"https:\/\/beritpress.com.br\/wp-content\/uploads\/2023\/01\/16-01-2023-escola-de-governo-SECULT-VF-22.jpg","type":"image\/jpeg"}],"author":"Danielly de Cassia Silva Mantovani","twitter_card":"summary_large_image","twitter_creator":"@beritpress","twitter_site":"@beritpress","twitter_misc":{"Escrito por":"Danielly de Cassia Silva Mantovani","Est. tempo de leitura":"4 minutos"},"schema":{"@context":"https:\/\/schema.org","@graph":[{"@type":"Article","@id":"https:\/\/beritpress.com.br\/index.php\/2023\/01\/25\/espacos-culturais-de-cascavel-receberam-588-mil-visitantes-em-2022\/#article","isPartOf":{"@id":"https:\/\/beritpress.com.br\/index.php\/2023\/01\/25\/espacos-culturais-de-cascavel-receberam-588-mil-visitantes-em-2022\/"},"author":{"name":"Danielly de Cassia Silva Mantovani","@id":"https:\/\/beritpress.com.br\/#\/schema\/person\/05111a3cc06f383642effb7c9af06f12"},"headline":"Espa\u00e7os culturais de Cascavel receberam 588 mil visitantes em 2022","datePublished":"2023-01-26T00:25:12+00:00","dateModified":"2023-01-26T00:27:47+00:00","mainEntityOfPage":{"@id":"https:\/\/beritpress.com.br\/index.php\/2023\/01\/25\/espacos-culturais-de-cascavel-receberam-588-mil-visitantes-em-2022\/"},"wordCount":716,"commentCount":0,"publisher":{"@id":"https:\/\/beritpress.com.br\/#organization"},"image":{"@id":"https:\/\/beritpress.com.br\/index.php\/2023\/01\/25\/espacos-culturais-de-cascavel-receberam-588-mil-visitantes-em-2022\/#primaryimage"},"thumbnailUrl":"https:\/\/beritpress.com.br\/wp-content\/uploads\/2023\/01\/16-01-2023-escola-de-governo-SECULT-VF-22.jpg","articleSection":["Cultura"],"inLanguage":"pt-BR","potentialAction":[{"@type":"CommentAction","name":"Comment","target":["https:\/\/beritpress.com.br\/index.php\/2023\/01\/25\/espacos-culturais-de-cascavel-receberam-588-mil-visitantes-em-2022\/#respond"]}]},{"@type":"WebPage","@id":"https:\/\/beritpress.com.br\/index.php\/2023\/01\/25\/espacos-culturais-de-cascavel-receberam-588-mil-visitantes-em-2022\/","url":"https:\/\/beritpress.com.br\/index.php\/2023\/01\/25\/espacos-culturais-de-cascavel-receberam-588-mil-visitantes-em-2022\/","name":"Espa\u00e7os culturais de Cascavel receberam 588 mil visitantes em 2022 - Berit Press","isPartOf":{"@id":"https:\/\/beritpress.com.br\/#website"},"primaryImageOfPage":{"@id":"https:\/\/beritpress.com.br\/index.php\/2023\/01\/25\/espacos-culturais-de-cascavel-receberam-588-mil-visitantes-em-2022\/#primaryimage"},"image":{"@id":"https:\/\/beritpress.com.br\/index.php\/2023\/01\/25\/espacos-culturais-de-cascavel-receberam-588-mil-visitantes-em-2022\/#primaryimage"},"thumbnailUrl":"https:\/\/beritpress.com.br\/wp-content\/uploads\/2023\/01\/16-01-2023-escola-de-governo-SECULT-VF-22.jpg","datePublished":"2023-01-26T00:25:12+00:00","dateModified":"2023-01-26T00:27:47+00:00","breadcrumb":{"@id":"https:\/\/beritpress.com.br\/index.php\/2023\/01\/25\/espacos-culturais-de-cascavel-receberam-588-mil-visitantes-em-2022\/#breadcrumb"},"inLanguage":"pt-BR","potentialAction":[{"@type":"ReadAction","target":["https:\/\/beritpress.com.br\/index.php\/2023\/01\/25\/espacos-culturais-de-cascavel-receberam-588-mil-visitantes-em-2022\/"]}]},{"@type":"ImageObject","inLanguage":"pt-BR","@id":"https:\/\/beritpress.com.br\/index.php\/2023\/01\/25\/espacos-culturais-de-cascavel-receberam-588-mil-visitantes-em-2022\/#primaryimage","url":"https:\/\/beritpress.com.br\/wp-content\/uploads\/2023\/01\/16-01-2023-escola-de-governo-SECULT-VF-22.jpg","contentUrl":"https:\/\/beritpress.com.br\/wp-content\/uploads\/2023\/01\/16-01-2023-escola-de-governo-SECULT-VF-22.jpg","width":1024,"height":682},{"@type":"BreadcrumbList","@id":"https:\/\/beritpress.com.br\/index.php\/2023\/01\/25\/espacos-culturais-de-cascavel-receberam-588-mil-visitantes-em-2022\/#breadcrumb","itemListElement":[{"@type":"ListItem","position":1,"name":"In\u00edcio","item":"https:\/\/beritpress.com.br\/"},{"@type":"ListItem","position":2,"name":"Espa\u00e7os culturais de Cascavel receberam 588 mil visitantes em 2022"}]},{"@type":"WebSite","@id":"https:\/\/beritpress.com.br\/#website","url":"https:\/\/beritpress.com.br\/","name":"Berit Press","description":"Ag\u00eancia de Comunica\u00e7\u00e3o","publisher":{"@id":"https:\/\/beritpress.com.br\/#organization"},"potentialAction":[{"@type":"SearchAction","target":{"@type":"EntryPoint","urlTemplate":"https:\/\/beritpress.com.br\/?s={search_term_string}"},"query-input":{"@type":"PropertyValueSpecification","valueRequired":true,"valueName":"search_term_string"}}],"inLanguage":"pt-BR"},{"@type":"Organization","@id":"https:\/\/beritpress.com.br\/#organization","name":"Berit Press","url":"https:\/\/beritpress.com.br\/","logo":{"@type":"ImageObject","inLanguage":"pt-BR","@id":"https:\/\/beritpress.com.br\/#\/schema\/logo\/image\/","url":"https:\/\/beritpress.com.br\/wp-content\/uploads\/2021\/02\/cropped-logo-beritpress.png","contentUrl":"https:\/\/beritpress.com.br\/wp-content\/uploads\/2021\/02\/cropped-logo-beritpress.png","width":190,"height":190,"caption":"Berit Press"},"image":{"@id":"https:\/\/beritpress.com.br\/#\/schema\/logo\/image\/"},"sameAs":["https:\/\/www.facebook.com\/beritpress","https:\/\/x.com\/beritpress","https:\/\/www.instagram.com\/agenciaberitpress\/","https:\/\/www.youtube.com\/channel\/UCcTID5ZCQW5Z1fyKgSgzUWw"]},{"@type":"Person","@id":"https:\/\/beritpress.com.br\/#\/schema\/person\/05111a3cc06f383642effb7c9af06f12","name":"Danielly de Cassia Silva Mantovani","image":{"@type":"ImageObject","inLanguage":"pt-BR","@id":"https:\/\/secure.gravatar.com\/avatar\/4a206220b317f9ad5a926145fb4edbc5915d40f5e857b6f798207decd234b735?s=96&d=mm&r=g","url":"https:\/\/secure.gravatar.com\/avatar\/4a206220b317f9ad5a926145fb4edbc5915d40f5e857b6f798207decd234b735?s=96&d=mm&r=g","contentUrl":"https:\/\/secure.gravatar.com\/avatar\/4a206220b317f9ad5a926145fb4edbc5915d40f5e857b6f798207decd234b735?s=96&d=mm&r=g","caption":"Danielly de Cassia Silva Mantovani"},"url":"https:\/\/beritpress.com.br\/index.php\/author\/danielly\/"}]}},"_links":{"self":[{"href":"https:\/\/beritpress.com.br\/index.php\/wp-json\/wp\/v2\/posts\/1523","targetHints":{"allow":["GET"]}}],"collection":[{"href":"https:\/\/beritpress.com.br\/index.php\/wp-json\/wp\/v2\/posts"}],"about":[{"href":"https:\/\/beritpress.com.br\/index.php\/wp-json\/wp\/v2\/types\/post"}],"author":[{"embeddable":true,"href":"https:\/\/beritpress.com.br\/index.php\/wp-json\/wp\/v2\/users\/3"}],"replies":[{"embeddable":true,"href":"https:\/\/beritpress.com.br\/index.php\/wp-json\/wp\/v2\/comments?post=1523"}],"version-history":[{"count":2,"href":"https:\/\/beritpress.com.br\/index.php\/wp-json\/wp\/v2\/posts\/1523\/revisions"}],"predecessor-version":[{"id":1530,"href":"https:\/\/beritpress.com.br\/index.php\/wp-json\/wp\/v2\/posts\/1523\/revisions\/1530"}],"wp:featuredmedia":[{"embeddable":true,"href":"https:\/\/beritpress.com.br\/index.php\/wp-json\/wp\/v2\/media\/1524"}],"wp:attachment":[{"href":"https:\/\/beritpress.com.br\/index.php\/wp-json\/wp\/v2\/media?parent=1523"}],"wp:term":[{"taxonomy":"category","embeddable":true,"href":"https:\/\/beritpress.com.br\/index.php\/wp-json\/wp\/v2\/categories?post=1523"},{"taxonomy":"post_tag","embeddable":true,"href":"https:\/\/beritpress.com.br\/index.php\/wp-json\/wp\/v2\/tags?post=1523"}],"curies":[{"name":"wp","href":"https:\/\/api.w.org\/{rel}","templated":true}]}}