{"id":1625,"date":"2023-06-01T15:33:54","date_gmt":"2023-06-01T18:33:54","guid":{"rendered":"https:\/\/beritpress.com.br\/?p=1625"},"modified":"2023-07-19T11:37:27","modified_gmt":"2023-07-19T14:37:27","slug":"junho-laranja-campanhas-de-conscientizacao-sobre-anemia-e-leucemia","status":"publish","type":"post","link":"https:\/\/beritpress.com.br\/index.php\/2023\/06\/01\/junho-laranja-campanhas-de-conscientizacao-sobre-anemia-e-leucemia\/","title":{"rendered":"Junho Laranja: Campanhas de Conscientiza\u00e7\u00e3o sobre Anemia e Leucemia"},"content":{"rendered":"\n<p>Chegamos ao m\u00eas de junho, conhecido como o \u201cJunho Laranja\u201d, um per\u00edodo dedicado \u00e0 conscientiza\u00e7\u00e3o e divulga\u00e7\u00e3o de informa\u00e7\u00f5es sobre a anemia e a leucemia. Neste texto, vamos abordar a import\u00e2ncia das campanhas de conscientiza\u00e7\u00e3o em destaque, os sinais e sintomas dessas doen\u00e7as e o papel fundamental da Associa\u00e7\u00e3o M\u00e9dica de Cascavel em apoiar essa causa t\u00e3o relevante.<\/p>\n\n\n\n<p><strong>Anemia e Leucemia: Doen\u00e7as silenciosas que demandam aten\u00e7\u00e3o<\/strong><\/p>\n\n\n\n<p>A anemia e a leucemia s\u00e3o doen\u00e7as que afetam milh\u00f5es de pessoas em todo o mundo. Embora sejam condi\u00e7\u00f5es distintas, elas t\u00eam algo em comum: a import\u00e2ncia de serem diagnosticadas precocemente para o in\u00edcio de um tratamento adequado.<\/p>\n\n\n\n<p>A anemia \u00e9 caracterizada pela diminui\u00e7\u00e3o dos n\u00edveis de hemoglobina no sangue, o que resulta em uma redu\u00e7\u00e3o na capacidade de transporte de oxig\u00eanio pelo organismo. Essa condi\u00e7\u00e3o pode causar fadiga, palidez, fraqueza, falta de ar e outros sintomas que afetam significativamente a qualidade de vida dos indiv\u00edduos.<\/p>\n\n\n\n<p>J\u00e1 a leucemia \u00e9 um tipo de c\u00e2ncer que afeta as c\u00e9lulas produtoras de sangue na medula \u00f3ssea. Essa doen\u00e7a compromete a produ\u00e7\u00e3o de c\u00e9lulas sangu\u00edneas saud\u00e1veis, o que pode levar a problemas graves no sistema imunol\u00f3gico, anemia, sangramentos e outros sintomas. O diagn\u00f3stico precoce \u00e9 crucial para aumentar as chances de sucesso no tratamento e a sobrevida dos pacientes.<\/p>\n\n\n\n<p><strong>Campanhas de conscientiza\u00e7\u00e3o em destaque<\/strong><\/p>\n\n\n\n<p>Durante o m\u00eas de junho, diversas campanhas de conscientiza\u00e7\u00e3o s\u00e3o promovidas para alertar a popula\u00e7\u00e3o sobre a anemia e a leucemia. Organiza\u00e7\u00f5es e institui\u00e7\u00f5es de sa\u00fade ao redor do mundo se unem para disseminar informa\u00e7\u00f5es sobre a preven\u00e7\u00e3o, diagn\u00f3stico e tratamento dessas doen\u00e7as.<\/p>\n\n\n\n<p>Palestras, semin\u00e1rios, eventos esportivos e a\u00e7\u00f5es de divulga\u00e7\u00e3o s\u00e3o realizados com o objetivo de informar a popula\u00e7\u00e3o sobre os sinais de alerta e incentivar a busca por cuidados m\u00e9dicos adequados.<\/p>\n","protected":false},"excerpt":{"rendered":"<p>Chegamos ao m\u00eas de junho, conhecido como o \u201cJunho Laranja\u201d, um per\u00edodo dedicado \u00e0 conscientiza\u00e7\u00e3o e divulga\u00e7\u00e3o de informa\u00e7\u00f5es sobre a anemia e a leucemia. Neste texto, vamos abordar a import\u00e2ncia das campanhas de conscientiza\u00e7\u00e3o em destaque, os sinais e sintomas dessas doen\u00e7as e o papel fundamental da Associa\u00e7\u00e3o M\u00e9dica de Cascavel em apoiar essa &hellip; <\/p>\n<p class=\"link-more\"><a href=\"https:\/\/beritpress.com.br\/index.php\/2023\/06\/01\/junho-laranja-campanhas-de-conscientizacao-sobre-anemia-e-leucemia\/\" class=\"more-link\">Continue lendo<span class=\"screen-reader-text\"> &#8220;Junho Laranja: Campanhas de Conscientiza\u00e7\u00e3o sobre Anemia e Leucemia&#8221;<\/span><\/a><\/p>\n","protected":false},"author":3,"featured_media":1626,"comment_status":"open","ping_status":"open","sticky":false,"template":"","format":"standard","meta":{"footnotes":""},"categories":[1],"tags":[],"class_list":["post-1625","post","type-post","status-publish","format-standard","has-post-thumbnail","hentry","category-sem-categoria","entry"],"yoast_head":"<!-- This site is optimized with the Yoast SEO plugin v27.5 - https:\/\/yoast.com\/product\/yoast-seo-wordpress\/ -->\n<title>Junho Laranja: Campanhas de Conscientiza\u00e7\u00e3o sobre Anemia e Leucemia - Berit Press<\/title>\n<meta name=\"robots\" content=\"index, follow, max-snippet:-1, max-image-preview:large, max-video-preview:-1\" \/>\n<link rel=\"canonical\" href=\"https:\/\/beritpress.com.br\/index.php\/2023\/06\/01\/junho-laranja-campanhas-de-conscientizacao-sobre-anemia-e-leucemia\/\" \/>\n<meta property=\"og:locale\" content=\"pt_BR\" \/>\n<meta property=\"og:type\" content=\"article\" \/>\n<meta property=\"og:title\" content=\"Junho Laranja: Campanhas de Conscientiza\u00e7\u00e3o sobre Anemia e Leucemia - Berit Press\" \/>\n<meta property=\"og:description\" content=\"Chegamos ao m\u00eas de junho, conhecido como o \u201cJunho Laranja\u201d, um per\u00edodo dedicado \u00e0 conscientiza\u00e7\u00e3o e divulga\u00e7\u00e3o de informa\u00e7\u00f5es sobre a anemia e a leucemia. Neste texto, vamos abordar a import\u00e2ncia das campanhas de conscientiza\u00e7\u00e3o em destaque, os sinais e sintomas dessas doen\u00e7as e o papel fundamental da Associa\u00e7\u00e3o M\u00e9dica de Cascavel em apoiar essa &hellip; Continue lendo &quot;Junho Laranja: Campanhas de Conscientiza\u00e7\u00e3o sobre Anemia e Leucemia&quot;\" \/>\n<meta property=\"og:url\" content=\"https:\/\/beritpress.com.br\/index.php\/2023\/06\/01\/junho-laranja-campanhas-de-conscientizacao-sobre-anemia-e-leucemia\/\" \/>\n<meta property=\"og:site_name\" content=\"Berit Press\" \/>\n<meta property=\"article:publisher\" content=\"https:\/\/www.facebook.com\/beritpress\" \/>\n<meta property=\"article:published_time\" content=\"2023-06-01T18:33:54+00:00\" \/>\n<meta property=\"article:modified_time\" content=\"2023-07-19T14:37:27+00:00\" \/>\n<meta property=\"og:image\" content=\"https:\/\/beritpress.com.br\/wp-content\/uploads\/2023\/06\/7526b11f-28df-4c30-a17a-98e32b342956.jpeg\" \/>\n\t<meta property=\"og:image:width\" content=\"676\" \/>\n\t<meta property=\"og:image:height\" content=\"450\" \/>\n\t<meta property=\"og:image:type\" content=\"image\/jpeg\" \/>\n<meta name=\"author\" content=\"Danielly de Cassia Silva Mantovani\" \/>\n<meta name=\"twitter:card\" content=\"summary_large_image\" \/>\n<meta name=\"twitter:creator\" content=\"@beritpress\" \/>\n<meta name=\"twitter:site\" content=\"@beritpress\" \/>\n<meta name=\"twitter:label1\" content=\"Escrito por\" \/>\n\t<meta name=\"twitter:data1\" content=\"Danielly de Cassia Silva Mantovani\" \/>\n\t<meta name=\"twitter:label2\" content=\"Est. tempo de leitura\" \/>\n\t<meta name=\"twitter:data2\" content=\"2 minutos\" \/>\n<script type=\"application\/ld+json\" class=\"yoast-schema-graph\">{\"@context\":\"https:\\\/\\\/schema.org\",\"@graph\":[{\"@type\":\"Article\",\"@id\":\"https:\\\/\\\/beritpress.com.br\\\/index.php\\\/2023\\\/06\\\/01\\\/junho-laranja-campanhas-de-conscientizacao-sobre-anemia-e-leucemia\\\/#article\",\"isPartOf\":{\"@id\":\"https:\\\/\\\/beritpress.com.br\\\/index.php\\\/2023\\\/06\\\/01\\\/junho-laranja-campanhas-de-conscientizacao-sobre-anemia-e-leucemia\\\/\"},\"author\":{\"name\":\"Danielly de Cassia Silva Mantovani\",\"@id\":\"https:\\\/\\\/beritpress.com.br\\\/#\\\/schema\\\/person\\\/05111a3cc06f383642effb7c9af06f12\"},\"headline\":\"Junho Laranja: Campanhas de Conscientiza\u00e7\u00e3o sobre Anemia e Leucemia\",\"datePublished\":\"2023-06-01T18:33:54+00:00\",\"dateModified\":\"2023-07-19T14:37:27+00:00\",\"mainEntityOfPage\":{\"@id\":\"https:\\\/\\\/beritpress.com.br\\\/index.php\\\/2023\\\/06\\\/01\\\/junho-laranja-campanhas-de-conscientizacao-sobre-anemia-e-leucemia\\\/\"},\"wordCount\":349,\"commentCount\":0,\"publisher\":{\"@id\":\"https:\\\/\\\/beritpress.com.br\\\/#organization\"},\"image\":{\"@id\":\"https:\\\/\\\/beritpress.com.br\\\/index.php\\\/2023\\\/06\\\/01\\\/junho-laranja-campanhas-de-conscientizacao-sobre-anemia-e-leucemia\\\/#primaryimage\"},\"thumbnailUrl\":\"https:\\\/\\\/beritpress.com.br\\\/wp-content\\\/uploads\\\/2023\\\/06\\\/7526b11f-28df-4c30-a17a-98e32b342956.jpeg\",\"inLanguage\":\"pt-BR\",\"potentialAction\":[{\"@type\":\"CommentAction\",\"name\":\"Comment\",\"target\":[\"https:\\\/\\\/beritpress.com.br\\\/index.php\\\/2023\\\/06\\\/01\\\/junho-laranja-campanhas-de-conscientizacao-sobre-anemia-e-leucemia\\\/#respond\"]}]},{\"@type\":\"WebPage\",\"@id\":\"https:\\\/\\\/beritpress.com.br\\\/index.php\\\/2023\\\/06\\\/01\\\/junho-laranja-campanhas-de-conscientizacao-sobre-anemia-e-leucemia\\\/\",\"url\":\"https:\\\/\\\/beritpress.com.br\\\/index.php\\\/2023\\\/06\\\/01\\\/junho-laranja-campanhas-de-conscientizacao-sobre-anemia-e-leucemia\\\/\",\"name\":\"Junho Laranja: Campanhas de Conscientiza\u00e7\u00e3o sobre Anemia e Leucemia - Berit Press\",\"isPartOf\":{\"@id\":\"https:\\\/\\\/beritpress.com.br\\\/#website\"},\"primaryImageOfPage\":{\"@id\":\"https:\\\/\\\/beritpress.com.br\\\/index.php\\\/2023\\\/06\\\/01\\\/junho-laranja-campanhas-de-conscientizacao-sobre-anemia-e-leucemia\\\/#primaryimage\"},\"image\":{\"@id\":\"https:\\\/\\\/beritpress.com.br\\\/index.php\\\/2023\\\/06\\\/01\\\/junho-laranja-campanhas-de-conscientizacao-sobre-anemia-e-leucemia\\\/#primaryimage\"},\"thumbnailUrl\":\"https:\\\/\\\/beritpress.com.br\\\/wp-content\\\/uploads\\\/2023\\\/06\\\/7526b11f-28df-4c30-a17a-98e32b342956.jpeg\",\"datePublished\":\"2023-06-01T18:33:54+00:00\",\"dateModified\":\"2023-07-19T14:37:27+00:00\",\"breadcrumb\":{\"@id\":\"https:\\\/\\\/beritpress.com.br\\\/index.php\\\/2023\\\/06\\\/01\\\/junho-laranja-campanhas-de-conscientizacao-sobre-anemia-e-leucemia\\\/#breadcrumb\"},\"inLanguage\":\"pt-BR\",\"potentialAction\":[{\"@type\":\"ReadAction\",\"target\":[\"https:\\\/\\\/beritpress.com.br\\\/index.php\\\/2023\\\/06\\\/01\\\/junho-laranja-campanhas-de-conscientizacao-sobre-anemia-e-leucemia\\\/\"]}]},{\"@type\":\"ImageObject\",\"inLanguage\":\"pt-BR\",\"@id\":\"https:\\\/\\\/beritpress.com.br\\\/index.php\\\/2023\\\/06\\\/01\\\/junho-laranja-campanhas-de-conscientizacao-sobre-anemia-e-leucemia\\\/#primaryimage\",\"url\":\"https:\\\/\\\/beritpress.com.br\\\/wp-content\\\/uploads\\\/2023\\\/06\\\/7526b11f-28df-4c30-a17a-98e32b342956.jpeg\",\"contentUrl\":\"https:\\\/\\\/beritpress.com.br\\\/wp-content\\\/uploads\\\/2023\\\/06\\\/7526b11f-28df-4c30-a17a-98e32b342956.jpeg\",\"width\":676,\"height\":450},{\"@type\":\"BreadcrumbList\",\"@id\":\"https:\\\/\\\/beritpress.com.br\\\/index.php\\\/2023\\\/06\\\/01\\\/junho-laranja-campanhas-de-conscientizacao-sobre-anemia-e-leucemia\\\/#breadcrumb\",\"itemListElement\":[{\"@type\":\"ListItem\",\"position\":1,\"name\":\"In\u00edcio\",\"item\":\"https:\\\/\\\/beritpress.com.br\\\/\"},{\"@type\":\"ListItem\",\"position\":2,\"name\":\"Junho Laranja: Campanhas de Conscientiza\u00e7\u00e3o sobre Anemia e Leucemia\"}]},{\"@type\":\"WebSite\",\"@id\":\"https:\\\/\\\/beritpress.com.br\\\/#website\",\"url\":\"https:\\\/\\\/beritpress.com.br\\\/\",\"name\":\"Berit Press\",\"description\":\"Ag\u00eancia de Comunica\u00e7\u00e3o\",\"publisher\":{\"@id\":\"https:\\\/\\\/beritpress.com.br\\\/#organization\"},\"potentialAction\":[{\"@type\":\"SearchAction\",\"target\":{\"@type\":\"EntryPoint\",\"urlTemplate\":\"https:\\\/\\\/beritpress.com.br\\\/?s={search_term_string}\"},\"query-input\":{\"@type\":\"PropertyValueSpecification\",\"valueRequired\":true,\"valueName\":\"search_term_string\"}}],\"inLanguage\":\"pt-BR\"},{\"@type\":\"Organization\",\"@id\":\"https:\\\/\\\/beritpress.com.br\\\/#organization\",\"name\":\"Berit Press\",\"url\":\"https:\\\/\\\/beritpress.com.br\\\/\",\"logo\":{\"@type\":\"ImageObject\",\"inLanguage\":\"pt-BR\",\"@id\":\"https:\\\/\\\/beritpress.com.br\\\/#\\\/schema\\\/logo\\\/image\\\/\",\"url\":\"https:\\\/\\\/beritpress.com.br\\\/wp-content\\\/uploads\\\/2021\\\/02\\\/cropped-logo-beritpress.png\",\"contentUrl\":\"https:\\\/\\\/beritpress.com.br\\\/wp-content\\\/uploads\\\/2021\\\/02\\\/cropped-logo-beritpress.png\",\"width\":190,\"height\":190,\"caption\":\"Berit Press\"},\"image\":{\"@id\":\"https:\\\/\\\/beritpress.com.br\\\/#\\\/schema\\\/logo\\\/image\\\/\"},\"sameAs\":[\"https:\\\/\\\/www.facebook.com\\\/beritpress\",\"https:\\\/\\\/x.com\\\/beritpress\",\"https:\\\/\\\/www.instagram.com\\\/agenciaberitpress\\\/\",\"https:\\\/\\\/www.youtube.com\\\/channel\\\/UCcTID5ZCQW5Z1fyKgSgzUWw\"]},{\"@type\":\"Person\",\"@id\":\"https:\\\/\\\/beritpress.com.br\\\/#\\\/schema\\\/person\\\/05111a3cc06f383642effb7c9af06f12\",\"name\":\"Danielly de Cassia Silva Mantovani\",\"image\":{\"@type\":\"ImageObject\",\"inLanguage\":\"pt-BR\",\"@id\":\"https:\\\/\\\/secure.gravatar.com\\\/avatar\\\/4a206220b317f9ad5a926145fb4edbc5915d40f5e857b6f798207decd234b735?s=96&d=mm&r=g\",\"url\":\"https:\\\/\\\/secure.gravatar.com\\\/avatar\\\/4a206220b317f9ad5a926145fb4edbc5915d40f5e857b6f798207decd234b735?s=96&d=mm&r=g\",\"contentUrl\":\"https:\\\/\\\/secure.gravatar.com\\\/avatar\\\/4a206220b317f9ad5a926145fb4edbc5915d40f5e857b6f798207decd234b735?s=96&d=mm&r=g\",\"caption\":\"Danielly de Cassia Silva Mantovani\"},\"url\":\"https:\\\/\\\/beritpress.com.br\\\/index.php\\\/author\\\/danielly\\\/\"}]}<\/script>\n<!-- \/ Yoast SEO plugin. -->","yoast_head_json":{"title":"Junho Laranja: Campanhas de Conscientiza\u00e7\u00e3o sobre Anemia e Leucemia - Berit Press","robots":{"index":"index","follow":"follow","max-snippet":"max-snippet:-1","max-image-preview":"max-image-preview:large","max-video-preview":"max-video-preview:-1"},"canonical":"https:\/\/beritpress.com.br\/index.php\/2023\/06\/01\/junho-laranja-campanhas-de-conscientizacao-sobre-anemia-e-leucemia\/","og_locale":"pt_BR","og_type":"article","og_title":"Junho Laranja: Campanhas de Conscientiza\u00e7\u00e3o sobre Anemia e Leucemia - Berit Press","og_description":"Chegamos ao m\u00eas de junho, conhecido como o \u201cJunho Laranja\u201d, um per\u00edodo dedicado \u00e0 conscientiza\u00e7\u00e3o e divulga\u00e7\u00e3o de informa\u00e7\u00f5es sobre a anemia e a leucemia. Neste texto, vamos abordar a import\u00e2ncia das campanhas de conscientiza\u00e7\u00e3o em destaque, os sinais e sintomas dessas doen\u00e7as e o papel fundamental da Associa\u00e7\u00e3o M\u00e9dica de Cascavel em apoiar essa &hellip; Continue lendo \"Junho Laranja: Campanhas de Conscientiza\u00e7\u00e3o sobre Anemia e Leucemia\"","og_url":"https:\/\/beritpress.com.br\/index.php\/2023\/06\/01\/junho-laranja-campanhas-de-conscientizacao-sobre-anemia-e-leucemia\/","og_site_name":"Berit Press","article_publisher":"https:\/\/www.facebook.com\/beritpress","article_published_time":"2023-06-01T18:33:54+00:00","article_modified_time":"2023-07-19T14:37:27+00:00","og_image":[{"width":676,"height":450,"url":"https:\/\/beritpress.com.br\/wp-content\/uploads\/2023\/06\/7526b11f-28df-4c30-a17a-98e32b342956.jpeg","type":"image\/jpeg"}],"author":"Danielly de Cassia Silva Mantovani","twitter_card":"summary_large_image","twitter_creator":"@beritpress","twitter_site":"@beritpress","twitter_misc":{"Escrito por":"Danielly de Cassia Silva Mantovani","Est. tempo de leitura":"2 minutos"},"schema":{"@context":"https:\/\/schema.org","@graph":[{"@type":"Article","@id":"https:\/\/beritpress.com.br\/index.php\/2023\/06\/01\/junho-laranja-campanhas-de-conscientizacao-sobre-anemia-e-leucemia\/#article","isPartOf":{"@id":"https:\/\/beritpress.com.br\/index.php\/2023\/06\/01\/junho-laranja-campanhas-de-conscientizacao-sobre-anemia-e-leucemia\/"},"author":{"name":"Danielly de Cassia Silva Mantovani","@id":"https:\/\/beritpress.com.br\/#\/schema\/person\/05111a3cc06f383642effb7c9af06f12"},"headline":"Junho Laranja: Campanhas de Conscientiza\u00e7\u00e3o sobre Anemia e Leucemia","datePublished":"2023-06-01T18:33:54+00:00","dateModified":"2023-07-19T14:37:27+00:00","mainEntityOfPage":{"@id":"https:\/\/beritpress.com.br\/index.php\/2023\/06\/01\/junho-laranja-campanhas-de-conscientizacao-sobre-anemia-e-leucemia\/"},"wordCount":349,"commentCount":0,"publisher":{"@id":"https:\/\/beritpress.com.br\/#organization"},"image":{"@id":"https:\/\/beritpress.com.br\/index.php\/2023\/06\/01\/junho-laranja-campanhas-de-conscientizacao-sobre-anemia-e-leucemia\/#primaryimage"},"thumbnailUrl":"https:\/\/beritpress.com.br\/wp-content\/uploads\/2023\/06\/7526b11f-28df-4c30-a17a-98e32b342956.jpeg","inLanguage":"pt-BR","potentialAction":[{"@type":"CommentAction","name":"Comment","target":["https:\/\/beritpress.com.br\/index.php\/2023\/06\/01\/junho-laranja-campanhas-de-conscientizacao-sobre-anemia-e-leucemia\/#respond"]}]},{"@type":"WebPage","@id":"https:\/\/beritpress.com.br\/index.php\/2023\/06\/01\/junho-laranja-campanhas-de-conscientizacao-sobre-anemia-e-leucemia\/","url":"https:\/\/beritpress.com.br\/index.php\/2023\/06\/01\/junho-laranja-campanhas-de-conscientizacao-sobre-anemia-e-leucemia\/","name":"Junho Laranja: Campanhas de Conscientiza\u00e7\u00e3o sobre Anemia e Leucemia - Berit Press","isPartOf":{"@id":"https:\/\/beritpress.com.br\/#website"},"primaryImageOfPage":{"@id":"https:\/\/beritpress.com.br\/index.php\/2023\/06\/01\/junho-laranja-campanhas-de-conscientizacao-sobre-anemia-e-leucemia\/#primaryimage"},"image":{"@id":"https:\/\/beritpress.com.br\/index.php\/2023\/06\/01\/junho-laranja-campanhas-de-conscientizacao-sobre-anemia-e-leucemia\/#primaryimage"},"thumbnailUrl":"https:\/\/beritpress.com.br\/wp-content\/uploads\/2023\/06\/7526b11f-28df-4c30-a17a-98e32b342956.jpeg","datePublished":"2023-06-01T18:33:54+00:00","dateModified":"2023-07-19T14:37:27+00:00","breadcrumb":{"@id":"https:\/\/beritpress.com.br\/index.php\/2023\/06\/01\/junho-laranja-campanhas-de-conscientizacao-sobre-anemia-e-leucemia\/#breadcrumb"},"inLanguage":"pt-BR","potentialAction":[{"@type":"ReadAction","target":["https:\/\/beritpress.com.br\/index.php\/2023\/06\/01\/junho-laranja-campanhas-de-conscientizacao-sobre-anemia-e-leucemia\/"]}]},{"@type":"ImageObject","inLanguage":"pt-BR","@id":"https:\/\/beritpress.com.br\/index.php\/2023\/06\/01\/junho-laranja-campanhas-de-conscientizacao-sobre-anemia-e-leucemia\/#primaryimage","url":"https:\/\/beritpress.com.br\/wp-content\/uploads\/2023\/06\/7526b11f-28df-4c30-a17a-98e32b342956.jpeg","contentUrl":"https:\/\/beritpress.com.br\/wp-content\/uploads\/2023\/06\/7526b11f-28df-4c30-a17a-98e32b342956.jpeg","width":676,"height":450},{"@type":"BreadcrumbList","@id":"https:\/\/beritpress.com.br\/index.php\/2023\/06\/01\/junho-laranja-campanhas-de-conscientizacao-sobre-anemia-e-leucemia\/#breadcrumb","itemListElement":[{"@type":"ListItem","position":1,"name":"In\u00edcio","item":"https:\/\/beritpress.com.br\/"},{"@type":"ListItem","position":2,"name":"Junho Laranja: Campanhas de Conscientiza\u00e7\u00e3o sobre Anemia e Leucemia"}]},{"@type":"WebSite","@id":"https:\/\/beritpress.com.br\/#website","url":"https:\/\/beritpress.com.br\/","name":"Berit Press","description":"Ag\u00eancia de Comunica\u00e7\u00e3o","publisher":{"@id":"https:\/\/beritpress.com.br\/#organization"},"potentialAction":[{"@type":"SearchAction","target":{"@type":"EntryPoint","urlTemplate":"https:\/\/beritpress.com.br\/?s={search_term_string}"},"query-input":{"@type":"PropertyValueSpecification","valueRequired":true,"valueName":"search_term_string"}}],"inLanguage":"pt-BR"},{"@type":"Organization","@id":"https:\/\/beritpress.com.br\/#organization","name":"Berit Press","url":"https:\/\/beritpress.com.br\/","logo":{"@type":"ImageObject","inLanguage":"pt-BR","@id":"https:\/\/beritpress.com.br\/#\/schema\/logo\/image\/","url":"https:\/\/beritpress.com.br\/wp-content\/uploads\/2021\/02\/cropped-logo-beritpress.png","contentUrl":"https:\/\/beritpress.com.br\/wp-content\/uploads\/2021\/02\/cropped-logo-beritpress.png","width":190,"height":190,"caption":"Berit Press"},"image":{"@id":"https:\/\/beritpress.com.br\/#\/schema\/logo\/image\/"},"sameAs":["https:\/\/www.facebook.com\/beritpress","https:\/\/x.com\/beritpress","https:\/\/www.instagram.com\/agenciaberitpress\/","https:\/\/www.youtube.com\/channel\/UCcTID5ZCQW5Z1fyKgSgzUWw"]},{"@type":"Person","@id":"https:\/\/beritpress.com.br\/#\/schema\/person\/05111a3cc06f383642effb7c9af06f12","name":"Danielly de Cassia Silva Mantovani","image":{"@type":"ImageObject","inLanguage":"pt-BR","@id":"https:\/\/secure.gravatar.com\/avatar\/4a206220b317f9ad5a926145fb4edbc5915d40f5e857b6f798207decd234b735?s=96&d=mm&r=g","url":"https:\/\/secure.gravatar.com\/avatar\/4a206220b317f9ad5a926145fb4edbc5915d40f5e857b6f798207decd234b735?s=96&d=mm&r=g","contentUrl":"https:\/\/secure.gravatar.com\/avatar\/4a206220b317f9ad5a926145fb4edbc5915d40f5e857b6f798207decd234b735?s=96&d=mm&r=g","caption":"Danielly de Cassia Silva Mantovani"},"url":"https:\/\/beritpress.com.br\/index.php\/author\/danielly\/"}]}},"_links":{"self":[{"href":"https:\/\/beritpress.com.br\/index.php\/wp-json\/wp\/v2\/posts\/1625","targetHints":{"allow":["GET"]}}],"collection":[{"href":"https:\/\/beritpress.com.br\/index.php\/wp-json\/wp\/v2\/posts"}],"about":[{"href":"https:\/\/beritpress.com.br\/index.php\/wp-json\/wp\/v2\/types\/post"}],"author":[{"embeddable":true,"href":"https:\/\/beritpress.com.br\/index.php\/wp-json\/wp\/v2\/users\/3"}],"replies":[{"embeddable":true,"href":"https:\/\/beritpress.com.br\/index.php\/wp-json\/wp\/v2\/comments?post=1625"}],"version-history":[{"count":1,"href":"https:\/\/beritpress.com.br\/index.php\/wp-json\/wp\/v2\/posts\/1625\/revisions"}],"predecessor-version":[{"id":1627,"href":"https:\/\/beritpress.com.br\/index.php\/wp-json\/wp\/v2\/posts\/1625\/revisions\/1627"}],"wp:featuredmedia":[{"embeddable":true,"href":"https:\/\/beritpress.com.br\/index.php\/wp-json\/wp\/v2\/media\/1626"}],"wp:attachment":[{"href":"https:\/\/beritpress.com.br\/index.php\/wp-json\/wp\/v2\/media?parent=1625"}],"wp:term":[{"taxonomy":"category","embeddable":true,"href":"https:\/\/beritpress.com.br\/index.php\/wp-json\/wp\/v2\/categories?post=1625"},{"taxonomy":"post_tag","embeddable":true,"href":"https:\/\/beritpress.com.br\/index.php\/wp-json\/wp\/v2\/tags?post=1625"}],"curies":[{"name":"wp","href":"https:\/\/api.w.org\/{rel}","templated":true}]}}