{"id":375,"date":"2021-05-04T16:06:36","date_gmt":"2021-05-04T19:06:36","guid":{"rendered":"https:\/\/beritpress.com.br\/?p=375"},"modified":"2021-05-04T16:06:38","modified_gmt":"2021-05-04T19:06:38","slug":"carro-eletrico-nacional","status":"publish","type":"post","link":"https:\/\/beritpress.com.br\/index.php\/2021\/05\/04\/carro-eletrico-nacional\/","title":{"rendered":"Carro el\u00e9trico nacional"},"content":{"rendered":"\n<p>Um carro el\u00e9trico desenvolvido e montado no Brasil com qualidade padr\u00e3o internacional foi projetado para o tr\u00e2nsito das grandes cidades j\u00e1 utilizando conceitos de mobilidade-como-um-servi\u00e7o, e de responsabilidade social, econ\u00f4mica e ambiental.<br>\u00c9 o projeto que o Engenheiro Mec\u00e2nico Carlos Motta do Instituto Brasil Mobilidade, desenvolve h\u00e1 mais de quinze anos em parceria com Universidades, Centros de Pesquisa e empresas de engenharia e fabricantes de componentes.<\/p>\n\n\n\n<p>Confira a fala do engenheiro e da P\u00f3s-doutoranda no Programa de P\u00f3s-gradua\u00e7\u00e3o em Eng. de Produ\u00e7\u00e3o da UFSC, Suzana R. Moro.<\/p>\n\n\n\n<figure class=\"wp-block-embed is-type-video is-provider-youtube wp-block-embed-youtube wp-embed-aspect-4-3 wp-has-aspect-ratio\"><div class=\"wp-block-embed__wrapper\">\n<iframe title=\"Carro el\u00e9trico nacional\" width=\"640\" height=\"480\" src=\"https:\/\/www.youtube.com\/embed\/hU0Aknntizw?feature=oembed\" frameborder=\"0\" allow=\"accelerometer; autoplay; clipboard-write; encrypted-media; gyroscope; picture-in-picture; web-share\" referrerpolicy=\"strict-origin-when-cross-origin\" allowfullscreen><\/iframe>\n<\/div><\/figure>\n","protected":false},"excerpt":{"rendered":"<p>Um carro el\u00e9trico desenvolvido e montado no Brasil com qualidade padr\u00e3o internacional.<\/p>\n","protected":false},"author":2,"featured_media":376,"comment_status":"open","ping_status":"open","sticky":false,"template":"","format":"standard","meta":{"footnotes":""},"categories":[8],"tags":[49,48],"class_list":["post-375","post","type-post","status-publish","format-standard","has-post-thumbnail","hentry","category-empreendedorismo","tag-automovel","tag-carro","entry"],"yoast_head":"<!-- This site is optimized with the Yoast SEO plugin v27.5 - https:\/\/yoast.com\/product\/yoast-seo-wordpress\/ -->\n<title>Carro el\u00e9trico nacional - Berit Press<\/title>\n<meta name=\"robots\" content=\"index, follow, max-snippet:-1, max-image-preview:large, max-video-preview:-1\" \/>\n<link rel=\"canonical\" href=\"https:\/\/beritpress.com.br\/index.php\/2021\/05\/04\/carro-eletrico-nacional\/\" \/>\n<meta property=\"og:locale\" content=\"pt_BR\" \/>\n<meta property=\"og:type\" content=\"article\" \/>\n<meta property=\"og:title\" content=\"Carro el\u00e9trico nacional - Berit Press\" \/>\n<meta property=\"og:description\" content=\"Um carro el\u00e9trico desenvolvido e montado no Brasil com qualidade padr\u00e3o internacional.\" \/>\n<meta property=\"og:url\" content=\"https:\/\/beritpress.com.br\/index.php\/2021\/05\/04\/carro-eletrico-nacional\/\" \/>\n<meta property=\"og:site_name\" content=\"Berit Press\" \/>\n<meta property=\"article:publisher\" content=\"https:\/\/www.facebook.com\/beritpress\" \/>\n<meta property=\"article:published_time\" content=\"2021-05-04T19:06:36+00:00\" \/>\n<meta property=\"article:modified_time\" content=\"2021-05-04T19:06:38+00:00\" \/>\n<meta property=\"og:image\" content=\"https:\/\/beritpress.com.br\/wp-content\/uploads\/2021\/05\/IMG-20210501-WA0017.jpg\" \/>\n\t<meta property=\"og:image:width\" content=\"1280\" \/>\n\t<meta property=\"og:image:height\" content=\"583\" \/>\n\t<meta property=\"og:image:type\" content=\"image\/jpeg\" \/>\n<meta name=\"author\" content=\"Berit Press\" \/>\n<meta name=\"twitter:card\" content=\"summary_large_image\" \/>\n<meta name=\"twitter:creator\" content=\"@beritpress\" \/>\n<meta name=\"twitter:site\" content=\"@beritpress\" \/>\n<meta name=\"twitter:label1\" content=\"Escrito por\" \/>\n\t<meta name=\"twitter:data1\" content=\"Berit Press\" \/>\n\t<meta name=\"twitter:label2\" content=\"Est. tempo de leitura\" \/>\n\t<meta name=\"twitter:data2\" content=\"1 minuto\" \/>\n<script type=\"application\/ld+json\" class=\"yoast-schema-graph\">{\"@context\":\"https:\\\/\\\/schema.org\",\"@graph\":[{\"@type\":\"Article\",\"@id\":\"https:\\\/\\\/beritpress.com.br\\\/index.php\\\/2021\\\/05\\\/04\\\/carro-eletrico-nacional\\\/#article\",\"isPartOf\":{\"@id\":\"https:\\\/\\\/beritpress.com.br\\\/index.php\\\/2021\\\/05\\\/04\\\/carro-eletrico-nacional\\\/\"},\"author\":{\"name\":\"Berit Press\",\"@id\":\"https:\\\/\\\/beritpress.com.br\\\/#\\\/schema\\\/person\\\/cf2c5fb4321016b754dcca63c361aef5\"},\"headline\":\"Carro el\u00e9trico nacional\",\"datePublished\":\"2021-05-04T19:06:36+00:00\",\"dateModified\":\"2021-05-04T19:06:38+00:00\",\"mainEntityOfPage\":{\"@id\":\"https:\\\/\\\/beritpress.com.br\\\/index.php\\\/2021\\\/05\\\/04\\\/carro-eletrico-nacional\\\/\"},\"wordCount\":108,\"commentCount\":0,\"publisher\":{\"@id\":\"https:\\\/\\\/beritpress.com.br\\\/#organization\"},\"image\":{\"@id\":\"https:\\\/\\\/beritpress.com.br\\\/index.php\\\/2021\\\/05\\\/04\\\/carro-eletrico-nacional\\\/#primaryimage\"},\"thumbnailUrl\":\"https:\\\/\\\/beritpress.com.br\\\/wp-content\\\/uploads\\\/2021\\\/05\\\/IMG-20210501-WA0017.jpg\",\"keywords\":[\"autom\u00f3vel\",\"carro\"],\"articleSection\":[\"Empreendedorismo\"],\"inLanguage\":\"pt-BR\",\"potentialAction\":[{\"@type\":\"CommentAction\",\"name\":\"Comment\",\"target\":[\"https:\\\/\\\/beritpress.com.br\\\/index.php\\\/2021\\\/05\\\/04\\\/carro-eletrico-nacional\\\/#respond\"]}]},{\"@type\":\"WebPage\",\"@id\":\"https:\\\/\\\/beritpress.com.br\\\/index.php\\\/2021\\\/05\\\/04\\\/carro-eletrico-nacional\\\/\",\"url\":\"https:\\\/\\\/beritpress.com.br\\\/index.php\\\/2021\\\/05\\\/04\\\/carro-eletrico-nacional\\\/\",\"name\":\"Carro el\u00e9trico nacional - Berit Press\",\"isPartOf\":{\"@id\":\"https:\\\/\\\/beritpress.com.br\\\/#website\"},\"primaryImageOfPage\":{\"@id\":\"https:\\\/\\\/beritpress.com.br\\\/index.php\\\/2021\\\/05\\\/04\\\/carro-eletrico-nacional\\\/#primaryimage\"},\"image\":{\"@id\":\"https:\\\/\\\/beritpress.com.br\\\/index.php\\\/2021\\\/05\\\/04\\\/carro-eletrico-nacional\\\/#primaryimage\"},\"thumbnailUrl\":\"https:\\\/\\\/beritpress.com.br\\\/wp-content\\\/uploads\\\/2021\\\/05\\\/IMG-20210501-WA0017.jpg\",\"datePublished\":\"2021-05-04T19:06:36+00:00\",\"dateModified\":\"2021-05-04T19:06:38+00:00\",\"breadcrumb\":{\"@id\":\"https:\\\/\\\/beritpress.com.br\\\/index.php\\\/2021\\\/05\\\/04\\\/carro-eletrico-nacional\\\/#breadcrumb\"},\"inLanguage\":\"pt-BR\",\"potentialAction\":[{\"@type\":\"ReadAction\",\"target\":[\"https:\\\/\\\/beritpress.com.br\\\/index.php\\\/2021\\\/05\\\/04\\\/carro-eletrico-nacional\\\/\"]}]},{\"@type\":\"ImageObject\",\"inLanguage\":\"pt-BR\",\"@id\":\"https:\\\/\\\/beritpress.com.br\\\/index.php\\\/2021\\\/05\\\/04\\\/carro-eletrico-nacional\\\/#primaryimage\",\"url\":\"https:\\\/\\\/beritpress.com.br\\\/wp-content\\\/uploads\\\/2021\\\/05\\\/IMG-20210501-WA0017.jpg\",\"contentUrl\":\"https:\\\/\\\/beritpress.com.br\\\/wp-content\\\/uploads\\\/2021\\\/05\\\/IMG-20210501-WA0017.jpg\",\"width\":1280,\"height\":583},{\"@type\":\"BreadcrumbList\",\"@id\":\"https:\\\/\\\/beritpress.com.br\\\/index.php\\\/2021\\\/05\\\/04\\\/carro-eletrico-nacional\\\/#breadcrumb\",\"itemListElement\":[{\"@type\":\"ListItem\",\"position\":1,\"name\":\"In\u00edcio\",\"item\":\"https:\\\/\\\/beritpress.com.br\\\/\"},{\"@type\":\"ListItem\",\"position\":2,\"name\":\"Carro el\u00e9trico nacional\"}]},{\"@type\":\"WebSite\",\"@id\":\"https:\\\/\\\/beritpress.com.br\\\/#website\",\"url\":\"https:\\\/\\\/beritpress.com.br\\\/\",\"name\":\"Berit Press\",\"description\":\"Ag\u00eancia de Comunica\u00e7\u00e3o\",\"publisher\":{\"@id\":\"https:\\\/\\\/beritpress.com.br\\\/#organization\"},\"potentialAction\":[{\"@type\":\"SearchAction\",\"target\":{\"@type\":\"EntryPoint\",\"urlTemplate\":\"https:\\\/\\\/beritpress.com.br\\\/?s={search_term_string}\"},\"query-input\":{\"@type\":\"PropertyValueSpecification\",\"valueRequired\":true,\"valueName\":\"search_term_string\"}}],\"inLanguage\":\"pt-BR\"},{\"@type\":\"Organization\",\"@id\":\"https:\\\/\\\/beritpress.com.br\\\/#organization\",\"name\":\"Berit Press\",\"url\":\"https:\\\/\\\/beritpress.com.br\\\/\",\"logo\":{\"@type\":\"ImageObject\",\"inLanguage\":\"pt-BR\",\"@id\":\"https:\\\/\\\/beritpress.com.br\\\/#\\\/schema\\\/logo\\\/image\\\/\",\"url\":\"https:\\\/\\\/beritpress.com.br\\\/wp-content\\\/uploads\\\/2021\\\/02\\\/cropped-logo-beritpress.png\",\"contentUrl\":\"https:\\\/\\\/beritpress.com.br\\\/wp-content\\\/uploads\\\/2021\\\/02\\\/cropped-logo-beritpress.png\",\"width\":190,\"height\":190,\"caption\":\"Berit Press\"},\"image\":{\"@id\":\"https:\\\/\\\/beritpress.com.br\\\/#\\\/schema\\\/logo\\\/image\\\/\"},\"sameAs\":[\"https:\\\/\\\/www.facebook.com\\\/beritpress\",\"https:\\\/\\\/x.com\\\/beritpress\",\"https:\\\/\\\/www.instagram.com\\\/agenciaberitpress\\\/\",\"https:\\\/\\\/www.youtube.com\\\/channel\\\/UCcTID5ZCQW5Z1fyKgSgzUWw\"]},{\"@type\":\"Person\",\"@id\":\"https:\\\/\\\/beritpress.com.br\\\/#\\\/schema\\\/person\\\/cf2c5fb4321016b754dcca63c361aef5\",\"name\":\"Berit Press\",\"image\":{\"@type\":\"ImageObject\",\"inLanguage\":\"pt-BR\",\"@id\":\"https:\\\/\\\/secure.gravatar.com\\\/avatar\\\/efd22fe9e19c0939df22c9d1ef1051ccd2d7e394cdc5f8f9c9892a3f478e4923?s=96&d=mm&r=g\",\"url\":\"https:\\\/\\\/secure.gravatar.com\\\/avatar\\\/efd22fe9e19c0939df22c9d1ef1051ccd2d7e394cdc5f8f9c9892a3f478e4923?s=96&d=mm&r=g\",\"contentUrl\":\"https:\\\/\\\/secure.gravatar.com\\\/avatar\\\/efd22fe9e19c0939df22c9d1ef1051ccd2d7e394cdc5f8f9c9892a3f478e4923?s=96&d=mm&r=g\",\"caption\":\"Berit Press\"},\"sameAs\":[\"http:\\\/\\\/beritpress.com.br\\\/\"],\"url\":\"https:\\\/\\\/beritpress.com.br\\\/index.php\\\/author\\\/berit\\\/\"}]}<\/script>\n<!-- \/ Yoast SEO plugin. -->","yoast_head_json":{"title":"Carro el\u00e9trico nacional - Berit Press","robots":{"index":"index","follow":"follow","max-snippet":"max-snippet:-1","max-image-preview":"max-image-preview:large","max-video-preview":"max-video-preview:-1"},"canonical":"https:\/\/beritpress.com.br\/index.php\/2021\/05\/04\/carro-eletrico-nacional\/","og_locale":"pt_BR","og_type":"article","og_title":"Carro el\u00e9trico nacional - Berit Press","og_description":"Um carro el\u00e9trico desenvolvido e montado no Brasil com qualidade padr\u00e3o internacional.","og_url":"https:\/\/beritpress.com.br\/index.php\/2021\/05\/04\/carro-eletrico-nacional\/","og_site_name":"Berit Press","article_publisher":"https:\/\/www.facebook.com\/beritpress","article_published_time":"2021-05-04T19:06:36+00:00","article_modified_time":"2021-05-04T19:06:38+00:00","og_image":[{"width":1280,"height":583,"url":"https:\/\/beritpress.com.br\/wp-content\/uploads\/2021\/05\/IMG-20210501-WA0017.jpg","type":"image\/jpeg"}],"author":"Berit Press","twitter_card":"summary_large_image","twitter_creator":"@beritpress","twitter_site":"@beritpress","twitter_misc":{"Escrito por":"Berit Press","Est. tempo de leitura":"1 minuto"},"schema":{"@context":"https:\/\/schema.org","@graph":[{"@type":"Article","@id":"https:\/\/beritpress.com.br\/index.php\/2021\/05\/04\/carro-eletrico-nacional\/#article","isPartOf":{"@id":"https:\/\/beritpress.com.br\/index.php\/2021\/05\/04\/carro-eletrico-nacional\/"},"author":{"name":"Berit Press","@id":"https:\/\/beritpress.com.br\/#\/schema\/person\/cf2c5fb4321016b754dcca63c361aef5"},"headline":"Carro el\u00e9trico nacional","datePublished":"2021-05-04T19:06:36+00:00","dateModified":"2021-05-04T19:06:38+00:00","mainEntityOfPage":{"@id":"https:\/\/beritpress.com.br\/index.php\/2021\/05\/04\/carro-eletrico-nacional\/"},"wordCount":108,"commentCount":0,"publisher":{"@id":"https:\/\/beritpress.com.br\/#organization"},"image":{"@id":"https:\/\/beritpress.com.br\/index.php\/2021\/05\/04\/carro-eletrico-nacional\/#primaryimage"},"thumbnailUrl":"https:\/\/beritpress.com.br\/wp-content\/uploads\/2021\/05\/IMG-20210501-WA0017.jpg","keywords":["autom\u00f3vel","carro"],"articleSection":["Empreendedorismo"],"inLanguage":"pt-BR","potentialAction":[{"@type":"CommentAction","name":"Comment","target":["https:\/\/beritpress.com.br\/index.php\/2021\/05\/04\/carro-eletrico-nacional\/#respond"]}]},{"@type":"WebPage","@id":"https:\/\/beritpress.com.br\/index.php\/2021\/05\/04\/carro-eletrico-nacional\/","url":"https:\/\/beritpress.com.br\/index.php\/2021\/05\/04\/carro-eletrico-nacional\/","name":"Carro el\u00e9trico nacional - Berit Press","isPartOf":{"@id":"https:\/\/beritpress.com.br\/#website"},"primaryImageOfPage":{"@id":"https:\/\/beritpress.com.br\/index.php\/2021\/05\/04\/carro-eletrico-nacional\/#primaryimage"},"image":{"@id":"https:\/\/beritpress.com.br\/index.php\/2021\/05\/04\/carro-eletrico-nacional\/#primaryimage"},"thumbnailUrl":"https:\/\/beritpress.com.br\/wp-content\/uploads\/2021\/05\/IMG-20210501-WA0017.jpg","datePublished":"2021-05-04T19:06:36+00:00","dateModified":"2021-05-04T19:06:38+00:00","breadcrumb":{"@id":"https:\/\/beritpress.com.br\/index.php\/2021\/05\/04\/carro-eletrico-nacional\/#breadcrumb"},"inLanguage":"pt-BR","potentialAction":[{"@type":"ReadAction","target":["https:\/\/beritpress.com.br\/index.php\/2021\/05\/04\/carro-eletrico-nacional\/"]}]},{"@type":"ImageObject","inLanguage":"pt-BR","@id":"https:\/\/beritpress.com.br\/index.php\/2021\/05\/04\/carro-eletrico-nacional\/#primaryimage","url":"https:\/\/beritpress.com.br\/wp-content\/uploads\/2021\/05\/IMG-20210501-WA0017.jpg","contentUrl":"https:\/\/beritpress.com.br\/wp-content\/uploads\/2021\/05\/IMG-20210501-WA0017.jpg","width":1280,"height":583},{"@type":"BreadcrumbList","@id":"https:\/\/beritpress.com.br\/index.php\/2021\/05\/04\/carro-eletrico-nacional\/#breadcrumb","itemListElement":[{"@type":"ListItem","position":1,"name":"In\u00edcio","item":"https:\/\/beritpress.com.br\/"},{"@type":"ListItem","position":2,"name":"Carro el\u00e9trico nacional"}]},{"@type":"WebSite","@id":"https:\/\/beritpress.com.br\/#website","url":"https:\/\/beritpress.com.br\/","name":"Berit Press","description":"Ag\u00eancia de Comunica\u00e7\u00e3o","publisher":{"@id":"https:\/\/beritpress.com.br\/#organization"},"potentialAction":[{"@type":"SearchAction","target":{"@type":"EntryPoint","urlTemplate":"https:\/\/beritpress.com.br\/?s={search_term_string}"},"query-input":{"@type":"PropertyValueSpecification","valueRequired":true,"valueName":"search_term_string"}}],"inLanguage":"pt-BR"},{"@type":"Organization","@id":"https:\/\/beritpress.com.br\/#organization","name":"Berit Press","url":"https:\/\/beritpress.com.br\/","logo":{"@type":"ImageObject","inLanguage":"pt-BR","@id":"https:\/\/beritpress.com.br\/#\/schema\/logo\/image\/","url":"https:\/\/beritpress.com.br\/wp-content\/uploads\/2021\/02\/cropped-logo-beritpress.png","contentUrl":"https:\/\/beritpress.com.br\/wp-content\/uploads\/2021\/02\/cropped-logo-beritpress.png","width":190,"height":190,"caption":"Berit Press"},"image":{"@id":"https:\/\/beritpress.com.br\/#\/schema\/logo\/image\/"},"sameAs":["https:\/\/www.facebook.com\/beritpress","https:\/\/x.com\/beritpress","https:\/\/www.instagram.com\/agenciaberitpress\/","https:\/\/www.youtube.com\/channel\/UCcTID5ZCQW5Z1fyKgSgzUWw"]},{"@type":"Person","@id":"https:\/\/beritpress.com.br\/#\/schema\/person\/cf2c5fb4321016b754dcca63c361aef5","name":"Berit Press","image":{"@type":"ImageObject","inLanguage":"pt-BR","@id":"https:\/\/secure.gravatar.com\/avatar\/efd22fe9e19c0939df22c9d1ef1051ccd2d7e394cdc5f8f9c9892a3f478e4923?s=96&d=mm&r=g","url":"https:\/\/secure.gravatar.com\/avatar\/efd22fe9e19c0939df22c9d1ef1051ccd2d7e394cdc5f8f9c9892a3f478e4923?s=96&d=mm&r=g","contentUrl":"https:\/\/secure.gravatar.com\/avatar\/efd22fe9e19c0939df22c9d1ef1051ccd2d7e394cdc5f8f9c9892a3f478e4923?s=96&d=mm&r=g","caption":"Berit Press"},"sameAs":["http:\/\/beritpress.com.br\/"],"url":"https:\/\/beritpress.com.br\/index.php\/author\/berit\/"}]}},"_links":{"self":[{"href":"https:\/\/beritpress.com.br\/index.php\/wp-json\/wp\/v2\/posts\/375","targetHints":{"allow":["GET"]}}],"collection":[{"href":"https:\/\/beritpress.com.br\/index.php\/wp-json\/wp\/v2\/posts"}],"about":[{"href":"https:\/\/beritpress.com.br\/index.php\/wp-json\/wp\/v2\/types\/post"}],"author":[{"embeddable":true,"href":"https:\/\/beritpress.com.br\/index.php\/wp-json\/wp\/v2\/users\/2"}],"replies":[{"embeddable":true,"href":"https:\/\/beritpress.com.br\/index.php\/wp-json\/wp\/v2\/comments?post=375"}],"version-history":[{"count":1,"href":"https:\/\/beritpress.com.br\/index.php\/wp-json\/wp\/v2\/posts\/375\/revisions"}],"predecessor-version":[{"id":377,"href":"https:\/\/beritpress.com.br\/index.php\/wp-json\/wp\/v2\/posts\/375\/revisions\/377"}],"wp:featuredmedia":[{"embeddable":true,"href":"https:\/\/beritpress.com.br\/index.php\/wp-json\/wp\/v2\/media\/376"}],"wp:attachment":[{"href":"https:\/\/beritpress.com.br\/index.php\/wp-json\/wp\/v2\/media?parent=375"}],"wp:term":[{"taxonomy":"category","embeddable":true,"href":"https:\/\/beritpress.com.br\/index.php\/wp-json\/wp\/v2\/categories?post=375"},{"taxonomy":"post_tag","embeddable":true,"href":"https:\/\/beritpress.com.br\/index.php\/wp-json\/wp\/v2\/tags?post=375"}],"curies":[{"name":"wp","href":"https:\/\/api.w.org\/{rel}","templated":true}]}}