{"id":514,"date":"2021-06-29T16:05:14","date_gmt":"2021-06-29T19:05:14","guid":{"rendered":"https:\/\/beritpress.com.br\/?p=514"},"modified":"2021-06-29T16:05:27","modified_gmt":"2021-06-29T19:05:27","slug":"amic-inaugurou-nesta-segunda-feira28-nova-sede-da-entidade","status":"publish","type":"post","link":"https:\/\/beritpress.com.br\/index.php\/2021\/06\/29\/amic-inaugurou-nesta-segunda-feira28-nova-sede-da-entidade\/","title":{"rendered":"AMIC inaugurou nesta segunda feira(28), nova sede da entidade."},"content":{"rendered":"\n<p>Situada na Rua Maranh\u00e3o 92, pr\u00f3ximo ao ex\u00e9rcito, o novo edif\u00edcio recebeu o selo verde \u2013 LEED, ou seja, \u00e9 100% sustent\u00e1vel.<\/p>\n\n\n\n<p>Toda a estrutura pr\u00e9 fabricada leva assinatura da DIARC&nbsp; ENGENHARIA e possui 855m\u00b2, contendo pilares, vigas e lages alveolares.<\/p>\n\n\n\n<p>Entre as autoridades que estiveram presentes, citamos o prefeito de Cascavel Leonaldo Paranhos, o presidente da Confedera\u00e7\u00e3o Nacional das MPE\u2019s&nbsp; Erc\u00edlio Santinoni, vereadores e ex presidentes da entidade.<\/p>\n\n\n\n<p>A atual presidente S\u00f4nia Xavier, seu vice Jo\u00e3o Schemberger, diretores e servidores recepcionaram carinhosamente os convidados.<\/p>\n\n\n\n<p>Nossos parab\u00e9ns a AMIC!<\/p>\n\n\n\n<figure class=\"wp-block-image size-large\"><img fetchpriority=\"high\" decoding=\"async\" width=\"1000\" height=\"700\" src=\"http:\/\/beritpress.com.br\/wp-content\/uploads\/2021\/06\/Predio-da-AMIC.jpg\" alt=\"\" class=\"wp-image-515\" srcset=\"https:\/\/beritpress.com.br\/wp-content\/uploads\/2021\/06\/Predio-da-AMIC.jpg 1000w, https:\/\/beritpress.com.br\/wp-content\/uploads\/2021\/06\/Predio-da-AMIC-300x210.jpg 300w, https:\/\/beritpress.com.br\/wp-content\/uploads\/2021\/06\/Predio-da-AMIC-768x538.jpg 768w\" sizes=\"(max-width: 1000px) 100vw, 1000px\" \/><\/figure>\n","protected":false},"excerpt":{"rendered":"<p>Situada na Rua Maranh\u00e3o 92, pr\u00f3ximo ao ex\u00e9rcito, o novo edif\u00edcio recebeu o selo verde \u2013 LEED, ou seja, \u00e9 100% sustent\u00e1vel. Toda a estrutura pr\u00e9 fabricada leva assinatura da DIARC&nbsp; ENGENHARIA e possui 855m\u00b2, contendo pilares, vigas e lages alveolares. Entre as autoridades que estiveram presentes, citamos o prefeito de Cascavel Leonaldo Paranhos, o &hellip; <\/p>\n<p class=\"link-more\"><a href=\"https:\/\/beritpress.com.br\/index.php\/2021\/06\/29\/amic-inaugurou-nesta-segunda-feira28-nova-sede-da-entidade\/\" class=\"more-link\">Continue lendo<span class=\"screen-reader-text\"> &#8220;AMIC inaugurou nesta segunda feira(28), nova sede da entidade.&#8221;<\/span><\/a><\/p>\n","protected":false},"author":2,"featured_media":515,"comment_status":"open","ping_status":"open","sticky":false,"template":"","format":"standard","meta":{"footnotes":""},"categories":[8],"tags":[],"class_list":["post-514","post","type-post","status-publish","format-standard","has-post-thumbnail","hentry","category-empreendedorismo","entry"],"yoast_head":"<!-- This site is optimized with the Yoast SEO plugin v27.5 - https:\/\/yoast.com\/product\/yoast-seo-wordpress\/ -->\n<title>AMIC inaugurou nesta segunda feira(28), nova sede da entidade. - Berit Press<\/title>\n<meta name=\"robots\" content=\"index, follow, max-snippet:-1, max-image-preview:large, max-video-preview:-1\" \/>\n<link rel=\"canonical\" href=\"https:\/\/beritpress.com.br\/index.php\/2021\/06\/29\/amic-inaugurou-nesta-segunda-feira28-nova-sede-da-entidade\/\" \/>\n<meta property=\"og:locale\" content=\"pt_BR\" \/>\n<meta property=\"og:type\" content=\"article\" \/>\n<meta property=\"og:title\" content=\"AMIC inaugurou nesta segunda feira(28), nova sede da entidade. - Berit Press\" \/>\n<meta property=\"og:description\" content=\"Situada na Rua Maranh\u00e3o 92, pr\u00f3ximo ao ex\u00e9rcito, o novo edif\u00edcio recebeu o selo verde \u2013 LEED, ou seja, \u00e9 100% sustent\u00e1vel. Toda a estrutura pr\u00e9 fabricada leva assinatura da DIARC&nbsp; ENGENHARIA e possui 855m\u00b2, contendo pilares, vigas e lages alveolares. Entre as autoridades que estiveram presentes, citamos o prefeito de Cascavel Leonaldo Paranhos, o &hellip; Continue lendo &quot;AMIC inaugurou nesta segunda feira(28), nova sede da entidade.&quot;\" \/>\n<meta property=\"og:url\" content=\"https:\/\/beritpress.com.br\/index.php\/2021\/06\/29\/amic-inaugurou-nesta-segunda-feira28-nova-sede-da-entidade\/\" \/>\n<meta property=\"og:site_name\" content=\"Berit Press\" \/>\n<meta property=\"article:publisher\" content=\"https:\/\/www.facebook.com\/beritpress\" \/>\n<meta property=\"article:published_time\" content=\"2021-06-29T19:05:14+00:00\" \/>\n<meta property=\"article:modified_time\" content=\"2021-06-29T19:05:27+00:00\" \/>\n<meta property=\"og:image\" content=\"https:\/\/beritpress.com.br\/wp-content\/uploads\/2021\/06\/Predio-da-AMIC.jpg\" \/>\n\t<meta property=\"og:image:width\" content=\"1000\" \/>\n\t<meta property=\"og:image:height\" content=\"700\" \/>\n\t<meta property=\"og:image:type\" content=\"image\/jpeg\" \/>\n<meta name=\"author\" content=\"Berit Press\" \/>\n<meta name=\"twitter:card\" content=\"summary_large_image\" \/>\n<meta name=\"twitter:creator\" content=\"@beritpress\" \/>\n<meta name=\"twitter:site\" content=\"@beritpress\" \/>\n<meta name=\"twitter:label1\" content=\"Escrito por\" \/>\n\t<meta name=\"twitter:data1\" content=\"Berit Press\" \/>\n\t<meta name=\"twitter:label2\" content=\"Est. tempo de leitura\" \/>\n\t<meta name=\"twitter:data2\" content=\"1 minuto\" \/>\n<script type=\"application\/ld+json\" class=\"yoast-schema-graph\">{\"@context\":\"https:\\\/\\\/schema.org\",\"@graph\":[{\"@type\":\"Article\",\"@id\":\"https:\\\/\\\/beritpress.com.br\\\/index.php\\\/2021\\\/06\\\/29\\\/amic-inaugurou-nesta-segunda-feira28-nova-sede-da-entidade\\\/#article\",\"isPartOf\":{\"@id\":\"https:\\\/\\\/beritpress.com.br\\\/index.php\\\/2021\\\/06\\\/29\\\/amic-inaugurou-nesta-segunda-feira28-nova-sede-da-entidade\\\/\"},\"author\":{\"name\":\"Berit Press\",\"@id\":\"https:\\\/\\\/beritpress.com.br\\\/#\\\/schema\\\/person\\\/cf2c5fb4321016b754dcca63c361aef5\"},\"headline\":\"AMIC inaugurou nesta segunda feira(28), nova sede da entidade.\",\"datePublished\":\"2021-06-29T19:05:14+00:00\",\"dateModified\":\"2021-06-29T19:05:27+00:00\",\"mainEntityOfPage\":{\"@id\":\"https:\\\/\\\/beritpress.com.br\\\/index.php\\\/2021\\\/06\\\/29\\\/amic-inaugurou-nesta-segunda-feira28-nova-sede-da-entidade\\\/\"},\"wordCount\":107,\"commentCount\":0,\"publisher\":{\"@id\":\"https:\\\/\\\/beritpress.com.br\\\/#organization\"},\"image\":{\"@id\":\"https:\\\/\\\/beritpress.com.br\\\/index.php\\\/2021\\\/06\\\/29\\\/amic-inaugurou-nesta-segunda-feira28-nova-sede-da-entidade\\\/#primaryimage\"},\"thumbnailUrl\":\"https:\\\/\\\/beritpress.com.br\\\/wp-content\\\/uploads\\\/2021\\\/06\\\/Predio-da-AMIC.jpg\",\"articleSection\":[\"Empreendedorismo\"],\"inLanguage\":\"pt-BR\",\"potentialAction\":[{\"@type\":\"CommentAction\",\"name\":\"Comment\",\"target\":[\"https:\\\/\\\/beritpress.com.br\\\/index.php\\\/2021\\\/06\\\/29\\\/amic-inaugurou-nesta-segunda-feira28-nova-sede-da-entidade\\\/#respond\"]}]},{\"@type\":\"WebPage\",\"@id\":\"https:\\\/\\\/beritpress.com.br\\\/index.php\\\/2021\\\/06\\\/29\\\/amic-inaugurou-nesta-segunda-feira28-nova-sede-da-entidade\\\/\",\"url\":\"https:\\\/\\\/beritpress.com.br\\\/index.php\\\/2021\\\/06\\\/29\\\/amic-inaugurou-nesta-segunda-feira28-nova-sede-da-entidade\\\/\",\"name\":\"AMIC inaugurou nesta segunda feira(28), nova sede da entidade. - Berit Press\",\"isPartOf\":{\"@id\":\"https:\\\/\\\/beritpress.com.br\\\/#website\"},\"primaryImageOfPage\":{\"@id\":\"https:\\\/\\\/beritpress.com.br\\\/index.php\\\/2021\\\/06\\\/29\\\/amic-inaugurou-nesta-segunda-feira28-nova-sede-da-entidade\\\/#primaryimage\"},\"image\":{\"@id\":\"https:\\\/\\\/beritpress.com.br\\\/index.php\\\/2021\\\/06\\\/29\\\/amic-inaugurou-nesta-segunda-feira28-nova-sede-da-entidade\\\/#primaryimage\"},\"thumbnailUrl\":\"https:\\\/\\\/beritpress.com.br\\\/wp-content\\\/uploads\\\/2021\\\/06\\\/Predio-da-AMIC.jpg\",\"datePublished\":\"2021-06-29T19:05:14+00:00\",\"dateModified\":\"2021-06-29T19:05:27+00:00\",\"breadcrumb\":{\"@id\":\"https:\\\/\\\/beritpress.com.br\\\/index.php\\\/2021\\\/06\\\/29\\\/amic-inaugurou-nesta-segunda-feira28-nova-sede-da-entidade\\\/#breadcrumb\"},\"inLanguage\":\"pt-BR\",\"potentialAction\":[{\"@type\":\"ReadAction\",\"target\":[\"https:\\\/\\\/beritpress.com.br\\\/index.php\\\/2021\\\/06\\\/29\\\/amic-inaugurou-nesta-segunda-feira28-nova-sede-da-entidade\\\/\"]}]},{\"@type\":\"ImageObject\",\"inLanguage\":\"pt-BR\",\"@id\":\"https:\\\/\\\/beritpress.com.br\\\/index.php\\\/2021\\\/06\\\/29\\\/amic-inaugurou-nesta-segunda-feira28-nova-sede-da-entidade\\\/#primaryimage\",\"url\":\"https:\\\/\\\/beritpress.com.br\\\/wp-content\\\/uploads\\\/2021\\\/06\\\/Predio-da-AMIC.jpg\",\"contentUrl\":\"https:\\\/\\\/beritpress.com.br\\\/wp-content\\\/uploads\\\/2021\\\/06\\\/Predio-da-AMIC.jpg\",\"width\":1000,\"height\":700},{\"@type\":\"BreadcrumbList\",\"@id\":\"https:\\\/\\\/beritpress.com.br\\\/index.php\\\/2021\\\/06\\\/29\\\/amic-inaugurou-nesta-segunda-feira28-nova-sede-da-entidade\\\/#breadcrumb\",\"itemListElement\":[{\"@type\":\"ListItem\",\"position\":1,\"name\":\"In\u00edcio\",\"item\":\"https:\\\/\\\/beritpress.com.br\\\/\"},{\"@type\":\"ListItem\",\"position\":2,\"name\":\"AMIC inaugurou nesta segunda feira(28), nova sede da entidade.\"}]},{\"@type\":\"WebSite\",\"@id\":\"https:\\\/\\\/beritpress.com.br\\\/#website\",\"url\":\"https:\\\/\\\/beritpress.com.br\\\/\",\"name\":\"Berit Press\",\"description\":\"Ag\u00eancia de Comunica\u00e7\u00e3o\",\"publisher\":{\"@id\":\"https:\\\/\\\/beritpress.com.br\\\/#organization\"},\"potentialAction\":[{\"@type\":\"SearchAction\",\"target\":{\"@type\":\"EntryPoint\",\"urlTemplate\":\"https:\\\/\\\/beritpress.com.br\\\/?s={search_term_string}\"},\"query-input\":{\"@type\":\"PropertyValueSpecification\",\"valueRequired\":true,\"valueName\":\"search_term_string\"}}],\"inLanguage\":\"pt-BR\"},{\"@type\":\"Organization\",\"@id\":\"https:\\\/\\\/beritpress.com.br\\\/#organization\",\"name\":\"Berit Press\",\"url\":\"https:\\\/\\\/beritpress.com.br\\\/\",\"logo\":{\"@type\":\"ImageObject\",\"inLanguage\":\"pt-BR\",\"@id\":\"https:\\\/\\\/beritpress.com.br\\\/#\\\/schema\\\/logo\\\/image\\\/\",\"url\":\"https:\\\/\\\/beritpress.com.br\\\/wp-content\\\/uploads\\\/2021\\\/02\\\/cropped-logo-beritpress.png\",\"contentUrl\":\"https:\\\/\\\/beritpress.com.br\\\/wp-content\\\/uploads\\\/2021\\\/02\\\/cropped-logo-beritpress.png\",\"width\":190,\"height\":190,\"caption\":\"Berit Press\"},\"image\":{\"@id\":\"https:\\\/\\\/beritpress.com.br\\\/#\\\/schema\\\/logo\\\/image\\\/\"},\"sameAs\":[\"https:\\\/\\\/www.facebook.com\\\/beritpress\",\"https:\\\/\\\/x.com\\\/beritpress\",\"https:\\\/\\\/www.instagram.com\\\/agenciaberitpress\\\/\",\"https:\\\/\\\/www.youtube.com\\\/channel\\\/UCcTID5ZCQW5Z1fyKgSgzUWw\"]},{\"@type\":\"Person\",\"@id\":\"https:\\\/\\\/beritpress.com.br\\\/#\\\/schema\\\/person\\\/cf2c5fb4321016b754dcca63c361aef5\",\"name\":\"Berit Press\",\"image\":{\"@type\":\"ImageObject\",\"inLanguage\":\"pt-BR\",\"@id\":\"https:\\\/\\\/secure.gravatar.com\\\/avatar\\\/efd22fe9e19c0939df22c9d1ef1051ccd2d7e394cdc5f8f9c9892a3f478e4923?s=96&d=mm&r=g\",\"url\":\"https:\\\/\\\/secure.gravatar.com\\\/avatar\\\/efd22fe9e19c0939df22c9d1ef1051ccd2d7e394cdc5f8f9c9892a3f478e4923?s=96&d=mm&r=g\",\"contentUrl\":\"https:\\\/\\\/secure.gravatar.com\\\/avatar\\\/efd22fe9e19c0939df22c9d1ef1051ccd2d7e394cdc5f8f9c9892a3f478e4923?s=96&d=mm&r=g\",\"caption\":\"Berit Press\"},\"sameAs\":[\"http:\\\/\\\/beritpress.com.br\\\/\"],\"url\":\"https:\\\/\\\/beritpress.com.br\\\/index.php\\\/author\\\/berit\\\/\"}]}<\/script>\n<!-- \/ Yoast SEO plugin. -->","yoast_head_json":{"title":"AMIC inaugurou nesta segunda feira(28), nova sede da entidade. - Berit Press","robots":{"index":"index","follow":"follow","max-snippet":"max-snippet:-1","max-image-preview":"max-image-preview:large","max-video-preview":"max-video-preview:-1"},"canonical":"https:\/\/beritpress.com.br\/index.php\/2021\/06\/29\/amic-inaugurou-nesta-segunda-feira28-nova-sede-da-entidade\/","og_locale":"pt_BR","og_type":"article","og_title":"AMIC inaugurou nesta segunda feira(28), nova sede da entidade. - Berit Press","og_description":"Situada na Rua Maranh\u00e3o 92, pr\u00f3ximo ao ex\u00e9rcito, o novo edif\u00edcio recebeu o selo verde \u2013 LEED, ou seja, \u00e9 100% sustent\u00e1vel. Toda a estrutura pr\u00e9 fabricada leva assinatura da DIARC&nbsp; ENGENHARIA e possui 855m\u00b2, contendo pilares, vigas e lages alveolares. Entre as autoridades que estiveram presentes, citamos o prefeito de Cascavel Leonaldo Paranhos, o &hellip; Continue lendo \"AMIC inaugurou nesta segunda feira(28), nova sede da entidade.\"","og_url":"https:\/\/beritpress.com.br\/index.php\/2021\/06\/29\/amic-inaugurou-nesta-segunda-feira28-nova-sede-da-entidade\/","og_site_name":"Berit Press","article_publisher":"https:\/\/www.facebook.com\/beritpress","article_published_time":"2021-06-29T19:05:14+00:00","article_modified_time":"2021-06-29T19:05:27+00:00","og_image":[{"width":1000,"height":700,"url":"https:\/\/beritpress.com.br\/wp-content\/uploads\/2021\/06\/Predio-da-AMIC.jpg","type":"image\/jpeg"}],"author":"Berit Press","twitter_card":"summary_large_image","twitter_creator":"@beritpress","twitter_site":"@beritpress","twitter_misc":{"Escrito por":"Berit Press","Est. tempo de leitura":"1 minuto"},"schema":{"@context":"https:\/\/schema.org","@graph":[{"@type":"Article","@id":"https:\/\/beritpress.com.br\/index.php\/2021\/06\/29\/amic-inaugurou-nesta-segunda-feira28-nova-sede-da-entidade\/#article","isPartOf":{"@id":"https:\/\/beritpress.com.br\/index.php\/2021\/06\/29\/amic-inaugurou-nesta-segunda-feira28-nova-sede-da-entidade\/"},"author":{"name":"Berit Press","@id":"https:\/\/beritpress.com.br\/#\/schema\/person\/cf2c5fb4321016b754dcca63c361aef5"},"headline":"AMIC inaugurou nesta segunda feira(28), nova sede da entidade.","datePublished":"2021-06-29T19:05:14+00:00","dateModified":"2021-06-29T19:05:27+00:00","mainEntityOfPage":{"@id":"https:\/\/beritpress.com.br\/index.php\/2021\/06\/29\/amic-inaugurou-nesta-segunda-feira28-nova-sede-da-entidade\/"},"wordCount":107,"commentCount":0,"publisher":{"@id":"https:\/\/beritpress.com.br\/#organization"},"image":{"@id":"https:\/\/beritpress.com.br\/index.php\/2021\/06\/29\/amic-inaugurou-nesta-segunda-feira28-nova-sede-da-entidade\/#primaryimage"},"thumbnailUrl":"https:\/\/beritpress.com.br\/wp-content\/uploads\/2021\/06\/Predio-da-AMIC.jpg","articleSection":["Empreendedorismo"],"inLanguage":"pt-BR","potentialAction":[{"@type":"CommentAction","name":"Comment","target":["https:\/\/beritpress.com.br\/index.php\/2021\/06\/29\/amic-inaugurou-nesta-segunda-feira28-nova-sede-da-entidade\/#respond"]}]},{"@type":"WebPage","@id":"https:\/\/beritpress.com.br\/index.php\/2021\/06\/29\/amic-inaugurou-nesta-segunda-feira28-nova-sede-da-entidade\/","url":"https:\/\/beritpress.com.br\/index.php\/2021\/06\/29\/amic-inaugurou-nesta-segunda-feira28-nova-sede-da-entidade\/","name":"AMIC inaugurou nesta segunda feira(28), nova sede da entidade. - Berit Press","isPartOf":{"@id":"https:\/\/beritpress.com.br\/#website"},"primaryImageOfPage":{"@id":"https:\/\/beritpress.com.br\/index.php\/2021\/06\/29\/amic-inaugurou-nesta-segunda-feira28-nova-sede-da-entidade\/#primaryimage"},"image":{"@id":"https:\/\/beritpress.com.br\/index.php\/2021\/06\/29\/amic-inaugurou-nesta-segunda-feira28-nova-sede-da-entidade\/#primaryimage"},"thumbnailUrl":"https:\/\/beritpress.com.br\/wp-content\/uploads\/2021\/06\/Predio-da-AMIC.jpg","datePublished":"2021-06-29T19:05:14+00:00","dateModified":"2021-06-29T19:05:27+00:00","breadcrumb":{"@id":"https:\/\/beritpress.com.br\/index.php\/2021\/06\/29\/amic-inaugurou-nesta-segunda-feira28-nova-sede-da-entidade\/#breadcrumb"},"inLanguage":"pt-BR","potentialAction":[{"@type":"ReadAction","target":["https:\/\/beritpress.com.br\/index.php\/2021\/06\/29\/amic-inaugurou-nesta-segunda-feira28-nova-sede-da-entidade\/"]}]},{"@type":"ImageObject","inLanguage":"pt-BR","@id":"https:\/\/beritpress.com.br\/index.php\/2021\/06\/29\/amic-inaugurou-nesta-segunda-feira28-nova-sede-da-entidade\/#primaryimage","url":"https:\/\/beritpress.com.br\/wp-content\/uploads\/2021\/06\/Predio-da-AMIC.jpg","contentUrl":"https:\/\/beritpress.com.br\/wp-content\/uploads\/2021\/06\/Predio-da-AMIC.jpg","width":1000,"height":700},{"@type":"BreadcrumbList","@id":"https:\/\/beritpress.com.br\/index.php\/2021\/06\/29\/amic-inaugurou-nesta-segunda-feira28-nova-sede-da-entidade\/#breadcrumb","itemListElement":[{"@type":"ListItem","position":1,"name":"In\u00edcio","item":"https:\/\/beritpress.com.br\/"},{"@type":"ListItem","position":2,"name":"AMIC inaugurou nesta segunda feira(28), nova sede da entidade."}]},{"@type":"WebSite","@id":"https:\/\/beritpress.com.br\/#website","url":"https:\/\/beritpress.com.br\/","name":"Berit Press","description":"Ag\u00eancia de Comunica\u00e7\u00e3o","publisher":{"@id":"https:\/\/beritpress.com.br\/#organization"},"potentialAction":[{"@type":"SearchAction","target":{"@type":"EntryPoint","urlTemplate":"https:\/\/beritpress.com.br\/?s={search_term_string}"},"query-input":{"@type":"PropertyValueSpecification","valueRequired":true,"valueName":"search_term_string"}}],"inLanguage":"pt-BR"},{"@type":"Organization","@id":"https:\/\/beritpress.com.br\/#organization","name":"Berit Press","url":"https:\/\/beritpress.com.br\/","logo":{"@type":"ImageObject","inLanguage":"pt-BR","@id":"https:\/\/beritpress.com.br\/#\/schema\/logo\/image\/","url":"https:\/\/beritpress.com.br\/wp-content\/uploads\/2021\/02\/cropped-logo-beritpress.png","contentUrl":"https:\/\/beritpress.com.br\/wp-content\/uploads\/2021\/02\/cropped-logo-beritpress.png","width":190,"height":190,"caption":"Berit Press"},"image":{"@id":"https:\/\/beritpress.com.br\/#\/schema\/logo\/image\/"},"sameAs":["https:\/\/www.facebook.com\/beritpress","https:\/\/x.com\/beritpress","https:\/\/www.instagram.com\/agenciaberitpress\/","https:\/\/www.youtube.com\/channel\/UCcTID5ZCQW5Z1fyKgSgzUWw"]},{"@type":"Person","@id":"https:\/\/beritpress.com.br\/#\/schema\/person\/cf2c5fb4321016b754dcca63c361aef5","name":"Berit Press","image":{"@type":"ImageObject","inLanguage":"pt-BR","@id":"https:\/\/secure.gravatar.com\/avatar\/efd22fe9e19c0939df22c9d1ef1051ccd2d7e394cdc5f8f9c9892a3f478e4923?s=96&d=mm&r=g","url":"https:\/\/secure.gravatar.com\/avatar\/efd22fe9e19c0939df22c9d1ef1051ccd2d7e394cdc5f8f9c9892a3f478e4923?s=96&d=mm&r=g","contentUrl":"https:\/\/secure.gravatar.com\/avatar\/efd22fe9e19c0939df22c9d1ef1051ccd2d7e394cdc5f8f9c9892a3f478e4923?s=96&d=mm&r=g","caption":"Berit Press"},"sameAs":["http:\/\/beritpress.com.br\/"],"url":"https:\/\/beritpress.com.br\/index.php\/author\/berit\/"}]}},"_links":{"self":[{"href":"https:\/\/beritpress.com.br\/index.php\/wp-json\/wp\/v2\/posts\/514","targetHints":{"allow":["GET"]}}],"collection":[{"href":"https:\/\/beritpress.com.br\/index.php\/wp-json\/wp\/v2\/posts"}],"about":[{"href":"https:\/\/beritpress.com.br\/index.php\/wp-json\/wp\/v2\/types\/post"}],"author":[{"embeddable":true,"href":"https:\/\/beritpress.com.br\/index.php\/wp-json\/wp\/v2\/users\/2"}],"replies":[{"embeddable":true,"href":"https:\/\/beritpress.com.br\/index.php\/wp-json\/wp\/v2\/comments?post=514"}],"version-history":[{"count":1,"href":"https:\/\/beritpress.com.br\/index.php\/wp-json\/wp\/v2\/posts\/514\/revisions"}],"predecessor-version":[{"id":516,"href":"https:\/\/beritpress.com.br\/index.php\/wp-json\/wp\/v2\/posts\/514\/revisions\/516"}],"wp:featuredmedia":[{"embeddable":true,"href":"https:\/\/beritpress.com.br\/index.php\/wp-json\/wp\/v2\/media\/515"}],"wp:attachment":[{"href":"https:\/\/beritpress.com.br\/index.php\/wp-json\/wp\/v2\/media?parent=514"}],"wp:term":[{"taxonomy":"category","embeddable":true,"href":"https:\/\/beritpress.com.br\/index.php\/wp-json\/wp\/v2\/categories?post=514"},{"taxonomy":"post_tag","embeddable":true,"href":"https:\/\/beritpress.com.br\/index.php\/wp-json\/wp\/v2\/tags?post=514"}],"curies":[{"name":"wp","href":"https:\/\/api.w.org\/{rel}","templated":true}]}}