{"id":962,"date":"2022-02-06T15:11:41","date_gmt":"2022-02-06T18:11:41","guid":{"rendered":"https:\/\/beritpress.com.br\/?p=962"},"modified":"2022-02-06T15:12:11","modified_gmt":"2022-02-06T18:12:11","slug":"a-empresa-de-tecnologia-kers-esta-presente-no-show-rural-2022","status":"publish","type":"post","link":"https:\/\/beritpress.com.br\/index.php\/2022\/02\/06\/a-empresa-de-tecnologia-kers-esta-presente-no-show-rural-2022\/","title":{"rendered":"A empresa de tecnologia Kers, est\u00e1 presente no Show Rural 2022"},"content":{"rendered":"\n<p>A empresa de tecnologia Kers, est\u00e1 presente no Show Rural 2022<\/p>\n\n\n\n<p>Neste domingo (6), a tradicional Missa Campal foi realizada para abertura da 34<strong>\u00aa<\/strong> edi\u00e7\u00e3o do Show Rural, a Santa Missa foi presidida pelo Pe. Zico \u00e9 concelebrada pelo Pe. Gustavo Marmentini.\u00a0O <a href=\"https:\/\/showrural.com.br\/\">Show Rural<\/a> \u00e9 um dos maiores eventos do agroneg\u00f3cio e tamb\u00e9m abre espa\u00e7o para novidades na \u00e1rea de tecnologia. Nesta edi\u00e7\u00e3o uma das novidades do evento certamente \u00e9 a presen\u00e7a do <a href=\"https:\/\/kersbrasil.com.br\/index.php\/wee\/\">WEE<\/a> da <a href=\"https:\/\/kersbrasil.com.br\/index.php\/quem-somos\/\">KERS<\/a>. <\/p>\n\n\n\n<p>WEE \u00e9 um carro el\u00e9trico compacto de dois lugares criado para ser vers\u00e1til. Totalmente desenvolvido e fabricado no Brasil. Pensado para se adequar \u00e0 mobilidade e agilidade em centros urbanos, esse ve\u00edculo encanta pelo seu design, baixo custo de manuten\u00e7\u00e3o e recarga. WEE \u00e9 assim: sustent\u00e1vel e pensado para quem quer economia, agilidade e sobretudo, praticidade. Os visitantes poder\u00e3o apreci\u00e1-lo de perto, no stand da Unioeste.<\/p>\n\n\n\n<blockquote class=\"wp-block-quote is-layout-flow wp-block-quote-is-layout-flow\"><p>Confira na foto, imagens da missa e de integrantes da Kers, a jornalista Kellee Imperator\/Berit Press, Jessiel Zimmermann e o Ceo Engenheiro Mec\u00e2nico Carlos M. da Motta.<\/p><\/blockquote>\n\n\n\n<figure class=\"wp-block-image size-large\"><img fetchpriority=\"high\" decoding=\"async\" width=\"1024\" height=\"700\" src=\"https:\/\/beritpress.com.br\/wp-content\/uploads\/2022\/02\/Santa-Missa-Show-Rural.jpg\" alt=\"\" class=\"wp-image-963\" srcset=\"https:\/\/beritpress.com.br\/wp-content\/uploads\/2022\/02\/Santa-Missa-Show-Rural.jpg 1024w, https:\/\/beritpress.com.br\/wp-content\/uploads\/2022\/02\/Santa-Missa-Show-Rural-300x205.jpg 300w, https:\/\/beritpress.com.br\/wp-content\/uploads\/2022\/02\/Santa-Missa-Show-Rural-768x525.jpg 768w\" sizes=\"(max-width: 1024px) 100vw, 1024px\" \/><\/figure>\n\n\n\n<p><\/p>\n","protected":false},"excerpt":{"rendered":"<p>A empresa de tecnologia Kers, est\u00e1 presente no Show Rural 2022 Neste domingo (6), a tradicional Missa Campal foi realizada para abertura da 34\u00aa edi\u00e7\u00e3o do Show Rural, a Santa Missa foi presidida pelo Pe. Zico \u00e9 concelebrada pelo Pe. Gustavo Marmentini.\u00a0O Show Rural \u00e9 um dos maiores eventos do agroneg\u00f3cio e tamb\u00e9m abre espa\u00e7o &hellip; <\/p>\n<p class=\"link-more\"><a href=\"https:\/\/beritpress.com.br\/index.php\/2022\/02\/06\/a-empresa-de-tecnologia-kers-esta-presente-no-show-rural-2022\/\" class=\"more-link\">Continue lendo<span class=\"screen-reader-text\"> &#8220;A empresa de tecnologia Kers, est\u00e1 presente no Show Rural 2022&#8221;<\/span><\/a><\/p>\n","protected":false},"author":3,"featured_media":965,"comment_status":"open","ping_status":"open","sticky":false,"template":"","format":"standard","meta":{"footnotes":""},"categories":[8],"tags":[],"class_list":["post-962","post","type-post","status-publish","format-standard","has-post-thumbnail","hentry","category-empreendedorismo","entry"],"yoast_head":"<!-- This site is optimized with the Yoast SEO plugin v27.5 - https:\/\/yoast.com\/product\/yoast-seo-wordpress\/ -->\n<title>A empresa de tecnologia Kers, est\u00e1 presente no Show Rural 2022 - Berit Press<\/title>\n<meta name=\"robots\" content=\"index, follow, max-snippet:-1, max-image-preview:large, max-video-preview:-1\" \/>\n<link rel=\"canonical\" href=\"https:\/\/beritpress.com.br\/index.php\/2022\/02\/06\/a-empresa-de-tecnologia-kers-esta-presente-no-show-rural-2022\/\" \/>\n<meta property=\"og:locale\" content=\"pt_BR\" \/>\n<meta property=\"og:type\" content=\"article\" \/>\n<meta property=\"og:title\" content=\"A empresa de tecnologia Kers, est\u00e1 presente no Show Rural 2022 - Berit Press\" \/>\n<meta property=\"og:description\" content=\"A empresa de tecnologia Kers, est\u00e1 presente no Show Rural 2022 Neste domingo (6), a tradicional Missa Campal foi realizada para abertura da 34\u00aa edi\u00e7\u00e3o do Show Rural, a Santa Missa foi presidida pelo Pe. Zico \u00e9 concelebrada pelo Pe. Gustavo Marmentini.\u00a0O Show Rural \u00e9 um dos maiores eventos do agroneg\u00f3cio e tamb\u00e9m abre espa\u00e7o &hellip; Continue lendo &quot;A empresa de tecnologia Kers, est\u00e1 presente no Show Rural 2022&quot;\" \/>\n<meta property=\"og:url\" content=\"https:\/\/beritpress.com.br\/index.php\/2022\/02\/06\/a-empresa-de-tecnologia-kers-esta-presente-no-show-rural-2022\/\" \/>\n<meta property=\"og:site_name\" content=\"Berit Press\" \/>\n<meta property=\"article:publisher\" content=\"https:\/\/www.facebook.com\/beritpress\" \/>\n<meta property=\"article:published_time\" content=\"2022-02-06T18:11:41+00:00\" \/>\n<meta property=\"article:modified_time\" content=\"2022-02-06T18:12:11+00:00\" \/>\n<meta property=\"og:image\" content=\"https:\/\/beritpress.com.br\/wp-content\/uploads\/2022\/02\/Santa-Missa-Show-Rural-1.jpg\" \/>\n\t<meta property=\"og:image:width\" content=\"1024\" \/>\n\t<meta property=\"og:image:height\" content=\"700\" \/>\n\t<meta property=\"og:image:type\" content=\"image\/jpeg\" \/>\n<meta name=\"author\" content=\"Danielly de Cassia Silva Mantovani\" \/>\n<meta name=\"twitter:card\" content=\"summary_large_image\" \/>\n<meta name=\"twitter:creator\" content=\"@beritpress\" \/>\n<meta name=\"twitter:site\" content=\"@beritpress\" \/>\n<meta name=\"twitter:label1\" content=\"Escrito por\" \/>\n\t<meta name=\"twitter:data1\" content=\"Danielly de Cassia Silva Mantovani\" \/>\n\t<meta name=\"twitter:label2\" content=\"Est. tempo de leitura\" \/>\n\t<meta name=\"twitter:data2\" content=\"1 minuto\" \/>\n<script type=\"application\/ld+json\" class=\"yoast-schema-graph\">{\"@context\":\"https:\\\/\\\/schema.org\",\"@graph\":[{\"@type\":\"Article\",\"@id\":\"https:\\\/\\\/beritpress.com.br\\\/index.php\\\/2022\\\/02\\\/06\\\/a-empresa-de-tecnologia-kers-esta-presente-no-show-rural-2022\\\/#article\",\"isPartOf\":{\"@id\":\"https:\\\/\\\/beritpress.com.br\\\/index.php\\\/2022\\\/02\\\/06\\\/a-empresa-de-tecnologia-kers-esta-presente-no-show-rural-2022\\\/\"},\"author\":{\"name\":\"Danielly de Cassia Silva Mantovani\",\"@id\":\"https:\\\/\\\/beritpress.com.br\\\/#\\\/schema\\\/person\\\/05111a3cc06f383642effb7c9af06f12\"},\"headline\":\"A empresa de tecnologia Kers, est\u00e1 presente no Show Rural 2022\",\"datePublished\":\"2022-02-06T18:11:41+00:00\",\"dateModified\":\"2022-02-06T18:12:11+00:00\",\"mainEntityOfPage\":{\"@id\":\"https:\\\/\\\/beritpress.com.br\\\/index.php\\\/2022\\\/02\\\/06\\\/a-empresa-de-tecnologia-kers-esta-presente-no-show-rural-2022\\\/\"},\"wordCount\":186,\"commentCount\":0,\"publisher\":{\"@id\":\"https:\\\/\\\/beritpress.com.br\\\/#organization\"},\"image\":{\"@id\":\"https:\\\/\\\/beritpress.com.br\\\/index.php\\\/2022\\\/02\\\/06\\\/a-empresa-de-tecnologia-kers-esta-presente-no-show-rural-2022\\\/#primaryimage\"},\"thumbnailUrl\":\"https:\\\/\\\/beritpress.com.br\\\/wp-content\\\/uploads\\\/2022\\\/02\\\/Santa-Missa-Show-Rural-1.jpg\",\"articleSection\":[\"Empreendedorismo\"],\"inLanguage\":\"pt-BR\",\"potentialAction\":[{\"@type\":\"CommentAction\",\"name\":\"Comment\",\"target\":[\"https:\\\/\\\/beritpress.com.br\\\/index.php\\\/2022\\\/02\\\/06\\\/a-empresa-de-tecnologia-kers-esta-presente-no-show-rural-2022\\\/#respond\"]}]},{\"@type\":\"WebPage\",\"@id\":\"https:\\\/\\\/beritpress.com.br\\\/index.php\\\/2022\\\/02\\\/06\\\/a-empresa-de-tecnologia-kers-esta-presente-no-show-rural-2022\\\/\",\"url\":\"https:\\\/\\\/beritpress.com.br\\\/index.php\\\/2022\\\/02\\\/06\\\/a-empresa-de-tecnologia-kers-esta-presente-no-show-rural-2022\\\/\",\"name\":\"A empresa de tecnologia Kers, est\u00e1 presente no Show Rural 2022 - Berit Press\",\"isPartOf\":{\"@id\":\"https:\\\/\\\/beritpress.com.br\\\/#website\"},\"primaryImageOfPage\":{\"@id\":\"https:\\\/\\\/beritpress.com.br\\\/index.php\\\/2022\\\/02\\\/06\\\/a-empresa-de-tecnologia-kers-esta-presente-no-show-rural-2022\\\/#primaryimage\"},\"image\":{\"@id\":\"https:\\\/\\\/beritpress.com.br\\\/index.php\\\/2022\\\/02\\\/06\\\/a-empresa-de-tecnologia-kers-esta-presente-no-show-rural-2022\\\/#primaryimage\"},\"thumbnailUrl\":\"https:\\\/\\\/beritpress.com.br\\\/wp-content\\\/uploads\\\/2022\\\/02\\\/Santa-Missa-Show-Rural-1.jpg\",\"datePublished\":\"2022-02-06T18:11:41+00:00\",\"dateModified\":\"2022-02-06T18:12:11+00:00\",\"breadcrumb\":{\"@id\":\"https:\\\/\\\/beritpress.com.br\\\/index.php\\\/2022\\\/02\\\/06\\\/a-empresa-de-tecnologia-kers-esta-presente-no-show-rural-2022\\\/#breadcrumb\"},\"inLanguage\":\"pt-BR\",\"potentialAction\":[{\"@type\":\"ReadAction\",\"target\":[\"https:\\\/\\\/beritpress.com.br\\\/index.php\\\/2022\\\/02\\\/06\\\/a-empresa-de-tecnologia-kers-esta-presente-no-show-rural-2022\\\/\"]}]},{\"@type\":\"ImageObject\",\"inLanguage\":\"pt-BR\",\"@id\":\"https:\\\/\\\/beritpress.com.br\\\/index.php\\\/2022\\\/02\\\/06\\\/a-empresa-de-tecnologia-kers-esta-presente-no-show-rural-2022\\\/#primaryimage\",\"url\":\"https:\\\/\\\/beritpress.com.br\\\/wp-content\\\/uploads\\\/2022\\\/02\\\/Santa-Missa-Show-Rural-1.jpg\",\"contentUrl\":\"https:\\\/\\\/beritpress.com.br\\\/wp-content\\\/uploads\\\/2022\\\/02\\\/Santa-Missa-Show-Rural-1.jpg\",\"width\":1024,\"height\":700},{\"@type\":\"BreadcrumbList\",\"@id\":\"https:\\\/\\\/beritpress.com.br\\\/index.php\\\/2022\\\/02\\\/06\\\/a-empresa-de-tecnologia-kers-esta-presente-no-show-rural-2022\\\/#breadcrumb\",\"itemListElement\":[{\"@type\":\"ListItem\",\"position\":1,\"name\":\"In\u00edcio\",\"item\":\"https:\\\/\\\/beritpress.com.br\\\/\"},{\"@type\":\"ListItem\",\"position\":2,\"name\":\"A empresa de tecnologia Kers, est\u00e1 presente no Show Rural 2022\"}]},{\"@type\":\"WebSite\",\"@id\":\"https:\\\/\\\/beritpress.com.br\\\/#website\",\"url\":\"https:\\\/\\\/beritpress.com.br\\\/\",\"name\":\"Berit Press\",\"description\":\"Ag\u00eancia de Comunica\u00e7\u00e3o\",\"publisher\":{\"@id\":\"https:\\\/\\\/beritpress.com.br\\\/#organization\"},\"potentialAction\":[{\"@type\":\"SearchAction\",\"target\":{\"@type\":\"EntryPoint\",\"urlTemplate\":\"https:\\\/\\\/beritpress.com.br\\\/?s={search_term_string}\"},\"query-input\":{\"@type\":\"PropertyValueSpecification\",\"valueRequired\":true,\"valueName\":\"search_term_string\"}}],\"inLanguage\":\"pt-BR\"},{\"@type\":\"Organization\",\"@id\":\"https:\\\/\\\/beritpress.com.br\\\/#organization\",\"name\":\"Berit Press\",\"url\":\"https:\\\/\\\/beritpress.com.br\\\/\",\"logo\":{\"@type\":\"ImageObject\",\"inLanguage\":\"pt-BR\",\"@id\":\"https:\\\/\\\/beritpress.com.br\\\/#\\\/schema\\\/logo\\\/image\\\/\",\"url\":\"https:\\\/\\\/beritpress.com.br\\\/wp-content\\\/uploads\\\/2021\\\/02\\\/cropped-logo-beritpress.png\",\"contentUrl\":\"https:\\\/\\\/beritpress.com.br\\\/wp-content\\\/uploads\\\/2021\\\/02\\\/cropped-logo-beritpress.png\",\"width\":190,\"height\":190,\"caption\":\"Berit Press\"},\"image\":{\"@id\":\"https:\\\/\\\/beritpress.com.br\\\/#\\\/schema\\\/logo\\\/image\\\/\"},\"sameAs\":[\"https:\\\/\\\/www.facebook.com\\\/beritpress\",\"https:\\\/\\\/x.com\\\/beritpress\",\"https:\\\/\\\/www.instagram.com\\\/agenciaberitpress\\\/\",\"https:\\\/\\\/www.youtube.com\\\/channel\\\/UCcTID5ZCQW5Z1fyKgSgzUWw\"]},{\"@type\":\"Person\",\"@id\":\"https:\\\/\\\/beritpress.com.br\\\/#\\\/schema\\\/person\\\/05111a3cc06f383642effb7c9af06f12\",\"name\":\"Danielly de Cassia Silva Mantovani\",\"image\":{\"@type\":\"ImageObject\",\"inLanguage\":\"pt-BR\",\"@id\":\"https:\\\/\\\/secure.gravatar.com\\\/avatar\\\/4a206220b317f9ad5a926145fb4edbc5915d40f5e857b6f798207decd234b735?s=96&d=mm&r=g\",\"url\":\"https:\\\/\\\/secure.gravatar.com\\\/avatar\\\/4a206220b317f9ad5a926145fb4edbc5915d40f5e857b6f798207decd234b735?s=96&d=mm&r=g\",\"contentUrl\":\"https:\\\/\\\/secure.gravatar.com\\\/avatar\\\/4a206220b317f9ad5a926145fb4edbc5915d40f5e857b6f798207decd234b735?s=96&d=mm&r=g\",\"caption\":\"Danielly de Cassia Silva Mantovani\"},\"url\":\"https:\\\/\\\/beritpress.com.br\\\/index.php\\\/author\\\/danielly\\\/\"}]}<\/script>\n<!-- \/ Yoast SEO plugin. -->","yoast_head_json":{"title":"A empresa de tecnologia Kers, est\u00e1 presente no Show Rural 2022 - Berit Press","robots":{"index":"index","follow":"follow","max-snippet":"max-snippet:-1","max-image-preview":"max-image-preview:large","max-video-preview":"max-video-preview:-1"},"canonical":"https:\/\/beritpress.com.br\/index.php\/2022\/02\/06\/a-empresa-de-tecnologia-kers-esta-presente-no-show-rural-2022\/","og_locale":"pt_BR","og_type":"article","og_title":"A empresa de tecnologia Kers, est\u00e1 presente no Show Rural 2022 - Berit Press","og_description":"A empresa de tecnologia Kers, est\u00e1 presente no Show Rural 2022 Neste domingo (6), a tradicional Missa Campal foi realizada para abertura da 34\u00aa edi\u00e7\u00e3o do Show Rural, a Santa Missa foi presidida pelo Pe. Zico \u00e9 concelebrada pelo Pe. Gustavo Marmentini.\u00a0O Show Rural \u00e9 um dos maiores eventos do agroneg\u00f3cio e tamb\u00e9m abre espa\u00e7o &hellip; Continue lendo \"A empresa de tecnologia Kers, est\u00e1 presente no Show Rural 2022\"","og_url":"https:\/\/beritpress.com.br\/index.php\/2022\/02\/06\/a-empresa-de-tecnologia-kers-esta-presente-no-show-rural-2022\/","og_site_name":"Berit Press","article_publisher":"https:\/\/www.facebook.com\/beritpress","article_published_time":"2022-02-06T18:11:41+00:00","article_modified_time":"2022-02-06T18:12:11+00:00","og_image":[{"width":1024,"height":700,"url":"https:\/\/beritpress.com.br\/wp-content\/uploads\/2022\/02\/Santa-Missa-Show-Rural-1.jpg","type":"image\/jpeg"}],"author":"Danielly de Cassia Silva Mantovani","twitter_card":"summary_large_image","twitter_creator":"@beritpress","twitter_site":"@beritpress","twitter_misc":{"Escrito por":"Danielly de Cassia Silva Mantovani","Est. tempo de leitura":"1 minuto"},"schema":{"@context":"https:\/\/schema.org","@graph":[{"@type":"Article","@id":"https:\/\/beritpress.com.br\/index.php\/2022\/02\/06\/a-empresa-de-tecnologia-kers-esta-presente-no-show-rural-2022\/#article","isPartOf":{"@id":"https:\/\/beritpress.com.br\/index.php\/2022\/02\/06\/a-empresa-de-tecnologia-kers-esta-presente-no-show-rural-2022\/"},"author":{"name":"Danielly de Cassia Silva Mantovani","@id":"https:\/\/beritpress.com.br\/#\/schema\/person\/05111a3cc06f383642effb7c9af06f12"},"headline":"A empresa de tecnologia Kers, est\u00e1 presente no Show Rural 2022","datePublished":"2022-02-06T18:11:41+00:00","dateModified":"2022-02-06T18:12:11+00:00","mainEntityOfPage":{"@id":"https:\/\/beritpress.com.br\/index.php\/2022\/02\/06\/a-empresa-de-tecnologia-kers-esta-presente-no-show-rural-2022\/"},"wordCount":186,"commentCount":0,"publisher":{"@id":"https:\/\/beritpress.com.br\/#organization"},"image":{"@id":"https:\/\/beritpress.com.br\/index.php\/2022\/02\/06\/a-empresa-de-tecnologia-kers-esta-presente-no-show-rural-2022\/#primaryimage"},"thumbnailUrl":"https:\/\/beritpress.com.br\/wp-content\/uploads\/2022\/02\/Santa-Missa-Show-Rural-1.jpg","articleSection":["Empreendedorismo"],"inLanguage":"pt-BR","potentialAction":[{"@type":"CommentAction","name":"Comment","target":["https:\/\/beritpress.com.br\/index.php\/2022\/02\/06\/a-empresa-de-tecnologia-kers-esta-presente-no-show-rural-2022\/#respond"]}]},{"@type":"WebPage","@id":"https:\/\/beritpress.com.br\/index.php\/2022\/02\/06\/a-empresa-de-tecnologia-kers-esta-presente-no-show-rural-2022\/","url":"https:\/\/beritpress.com.br\/index.php\/2022\/02\/06\/a-empresa-de-tecnologia-kers-esta-presente-no-show-rural-2022\/","name":"A empresa de tecnologia Kers, est\u00e1 presente no Show Rural 2022 - Berit Press","isPartOf":{"@id":"https:\/\/beritpress.com.br\/#website"},"primaryImageOfPage":{"@id":"https:\/\/beritpress.com.br\/index.php\/2022\/02\/06\/a-empresa-de-tecnologia-kers-esta-presente-no-show-rural-2022\/#primaryimage"},"image":{"@id":"https:\/\/beritpress.com.br\/index.php\/2022\/02\/06\/a-empresa-de-tecnologia-kers-esta-presente-no-show-rural-2022\/#primaryimage"},"thumbnailUrl":"https:\/\/beritpress.com.br\/wp-content\/uploads\/2022\/02\/Santa-Missa-Show-Rural-1.jpg","datePublished":"2022-02-06T18:11:41+00:00","dateModified":"2022-02-06T18:12:11+00:00","breadcrumb":{"@id":"https:\/\/beritpress.com.br\/index.php\/2022\/02\/06\/a-empresa-de-tecnologia-kers-esta-presente-no-show-rural-2022\/#breadcrumb"},"inLanguage":"pt-BR","potentialAction":[{"@type":"ReadAction","target":["https:\/\/beritpress.com.br\/index.php\/2022\/02\/06\/a-empresa-de-tecnologia-kers-esta-presente-no-show-rural-2022\/"]}]},{"@type":"ImageObject","inLanguage":"pt-BR","@id":"https:\/\/beritpress.com.br\/index.php\/2022\/02\/06\/a-empresa-de-tecnologia-kers-esta-presente-no-show-rural-2022\/#primaryimage","url":"https:\/\/beritpress.com.br\/wp-content\/uploads\/2022\/02\/Santa-Missa-Show-Rural-1.jpg","contentUrl":"https:\/\/beritpress.com.br\/wp-content\/uploads\/2022\/02\/Santa-Missa-Show-Rural-1.jpg","width":1024,"height":700},{"@type":"BreadcrumbList","@id":"https:\/\/beritpress.com.br\/index.php\/2022\/02\/06\/a-empresa-de-tecnologia-kers-esta-presente-no-show-rural-2022\/#breadcrumb","itemListElement":[{"@type":"ListItem","position":1,"name":"In\u00edcio","item":"https:\/\/beritpress.com.br\/"},{"@type":"ListItem","position":2,"name":"A empresa de tecnologia Kers, est\u00e1 presente no Show Rural 2022"}]},{"@type":"WebSite","@id":"https:\/\/beritpress.com.br\/#website","url":"https:\/\/beritpress.com.br\/","name":"Berit Press","description":"Ag\u00eancia de Comunica\u00e7\u00e3o","publisher":{"@id":"https:\/\/beritpress.com.br\/#organization"},"potentialAction":[{"@type":"SearchAction","target":{"@type":"EntryPoint","urlTemplate":"https:\/\/beritpress.com.br\/?s={search_term_string}"},"query-input":{"@type":"PropertyValueSpecification","valueRequired":true,"valueName":"search_term_string"}}],"inLanguage":"pt-BR"},{"@type":"Organization","@id":"https:\/\/beritpress.com.br\/#organization","name":"Berit Press","url":"https:\/\/beritpress.com.br\/","logo":{"@type":"ImageObject","inLanguage":"pt-BR","@id":"https:\/\/beritpress.com.br\/#\/schema\/logo\/image\/","url":"https:\/\/beritpress.com.br\/wp-content\/uploads\/2021\/02\/cropped-logo-beritpress.png","contentUrl":"https:\/\/beritpress.com.br\/wp-content\/uploads\/2021\/02\/cropped-logo-beritpress.png","width":190,"height":190,"caption":"Berit Press"},"image":{"@id":"https:\/\/beritpress.com.br\/#\/schema\/logo\/image\/"},"sameAs":["https:\/\/www.facebook.com\/beritpress","https:\/\/x.com\/beritpress","https:\/\/www.instagram.com\/agenciaberitpress\/","https:\/\/www.youtube.com\/channel\/UCcTID5ZCQW5Z1fyKgSgzUWw"]},{"@type":"Person","@id":"https:\/\/beritpress.com.br\/#\/schema\/person\/05111a3cc06f383642effb7c9af06f12","name":"Danielly de Cassia Silva Mantovani","image":{"@type":"ImageObject","inLanguage":"pt-BR","@id":"https:\/\/secure.gravatar.com\/avatar\/4a206220b317f9ad5a926145fb4edbc5915d40f5e857b6f798207decd234b735?s=96&d=mm&r=g","url":"https:\/\/secure.gravatar.com\/avatar\/4a206220b317f9ad5a926145fb4edbc5915d40f5e857b6f798207decd234b735?s=96&d=mm&r=g","contentUrl":"https:\/\/secure.gravatar.com\/avatar\/4a206220b317f9ad5a926145fb4edbc5915d40f5e857b6f798207decd234b735?s=96&d=mm&r=g","caption":"Danielly de Cassia Silva Mantovani"},"url":"https:\/\/beritpress.com.br\/index.php\/author\/danielly\/"}]}},"_links":{"self":[{"href":"https:\/\/beritpress.com.br\/index.php\/wp-json\/wp\/v2\/posts\/962","targetHints":{"allow":["GET"]}}],"collection":[{"href":"https:\/\/beritpress.com.br\/index.php\/wp-json\/wp\/v2\/posts"}],"about":[{"href":"https:\/\/beritpress.com.br\/index.php\/wp-json\/wp\/v2\/types\/post"}],"author":[{"embeddable":true,"href":"https:\/\/beritpress.com.br\/index.php\/wp-json\/wp\/v2\/users\/3"}],"replies":[{"embeddable":true,"href":"https:\/\/beritpress.com.br\/index.php\/wp-json\/wp\/v2\/comments?post=962"}],"version-history":[{"count":1,"href":"https:\/\/beritpress.com.br\/index.php\/wp-json\/wp\/v2\/posts\/962\/revisions"}],"predecessor-version":[{"id":964,"href":"https:\/\/beritpress.com.br\/index.php\/wp-json\/wp\/v2\/posts\/962\/revisions\/964"}],"wp:featuredmedia":[{"embeddable":true,"href":"https:\/\/beritpress.com.br\/index.php\/wp-json\/wp\/v2\/media\/965"}],"wp:attachment":[{"href":"https:\/\/beritpress.com.br\/index.php\/wp-json\/wp\/v2\/media?parent=962"}],"wp:term":[{"taxonomy":"category","embeddable":true,"href":"https:\/\/beritpress.com.br\/index.php\/wp-json\/wp\/v2\/categories?post=962"},{"taxonomy":"post_tag","embeddable":true,"href":"https:\/\/beritpress.com.br\/index.php\/wp-json\/wp\/v2\/tags?post=962"}],"curies":[{"name":"wp","href":"https:\/\/api.w.org\/{rel}","templated":true}]}}